{"id":285898,"date":"2016-08-25T00:04:36","date_gmt":"2016-08-25T05:04:36","guid":{"rendered":"http:\/\/www.diarioimagen.net\/?p=285898"},"modified":"2016-08-25T05:31:09","modified_gmt":"2016-08-25T10:31:09","slug":"reconocen-a-david-lopez-como-alcalde-de-la-educacion","status":"publish","type":"post","link":"https:\/\/www.diarioimagen.net\/?p=285898","title":{"rendered":"Reconocen a David L\u00f3pez\u00a0 como alcalde de la educaci\u00f3n"},"content":{"rendered":"<ul>\n<li><em><b>Contribuye el gobierno a la econom\u00eda familiar<\/b><\/em><\/li>\n<\/ul>\n<p>&nbsp;<\/p>\n<div id=\"attachment_285899\" style=\"width: 430px\" class=\"wp-caption aligncenter\"><a href=\"http:\/\/www.diarioimagen.net\/?attachment_id=285899\" rel=\"attachment wp-att-285899\"><img loading=\"lazy\" decoding=\"async\" aria-describedby=\"caption-attachment-285899\" class=\"size-large wp-image-285899\" src=\"http:\/\/www.diarioimagen.net\/wp-content\/uploads\/2016\/08\/METEPEC-2940-420x280.jpg\" alt=\"El alcalde David L\u00f3pez C\u00e1rdenas continu\u00f3 con la entrega de apoyos a estudiantes de Metepec.\" width=\"420\" height=\"280\" srcset=\"https:\/\/www.diarioimagen.net\/wp-content\/uploads\/2016\/08\/METEPEC-2940-420x280.jpg 420w, https:\/\/www.diarioimagen.net\/wp-content\/uploads\/2016\/08\/METEPEC-2940-240x160.jpg 240w, https:\/\/www.diarioimagen.net\/wp-content\/uploads\/2016\/08\/METEPEC-2940-768x512.jpg 768w, https:\/\/www.diarioimagen.net\/wp-content\/uploads\/2016\/08\/METEPEC-2940.jpg 1024w\" sizes=\"auto, (max-width: 420px) 100vw, 420px\" \/><\/a><p id=\"caption-attachment-285899\" class=\"wp-caption-text\">El alcalde David L\u00f3pez C\u00e1rdenas continu\u00f3 con la entrega de apoyos a estudiantes de Metepec.<\/p><\/div>\n<p>&nbsp;<\/p>\n<p><b>Pueblo M\u00e1gico de Metepec, Estado de M\u00e9xico.-<\/b> Durante el segundo d\u00eda de entrega de apoyos a estudiantes de Metepec, consistentes en chamarras, calzado deportivo y mochilas, directivos y profesores de distintas escuelas reconocieron a David L\u00f3pez C\u00e1rdenas, como el alcalde de la educaci\u00f3n, por el fuerte impulso que ha brindado desde el ayuntamiento a la comunidad estudiantil y al magisterio.<\/p>\n<p>Al sostener encuentros con alumnos, padres de familia y maestros de cuatro escuelas en la comunidad de San Bartolom\u00e9 Tlaltelulco, la delegaci\u00f3n m\u00e1s grande de la demarcaci\u00f3n, as\u00ed como en planteles de las localidades de San Salvador Tizatlalli y San Jer\u00f3nimo Chicahualco, el alcalde continu\u00f3 con el programa \u201cMetepec decide contigo por la educaci\u00f3n\u201d, el cual, asegur\u00f3, estar\u00e1 vigente durante su administraci\u00f3n, es decir, contempla el inicio de los ciclos escolares de los a\u00f1os 2017 y 2018.<\/p>\n<p>En los actos respectivos, docentes, calificaron el programa de gran \u00e9xito, coincidiendo b\u00e1sicamente en se\u00f1alar, que adicional al apoyo estudiantil que contempla tambi\u00e9n las becas educativas, hay trabajo en\u00a0 equipamiento, variedad de opciones de estudio para continuar con carreras profesionales y existe un ambicioso combate para abatir el rezago educativo; por ello, \u201cbautizaron\u201d al edil como el alcalde de la educaci\u00f3n.<\/p>\n<p>&nbsp;<\/p>\n","protected":false},"excerpt":{"rendered":"<p>Durante el segundo d\u00eda de entrega de apoyos a estudiantes de Metepec, consistentes en chamarras, calzado deportivo y mochilas, directivos y profesores de distintas escuelas reconocieron a David L\u00f3pez C\u00e1rdenas, como el alcalde de la educaci\u00f3n, por el fuerte impulso que ha brindado desde el ayuntamiento a la comunidad estudiantil y al magisterio.<\/p>\n","protected":false},"author":1,"featured_media":285899,"comment_status":"open","ping_status":"open","sticky":false,"template":"","format":"standard","meta":{"_monsterinsights_skip_tracking":false,"_monsterinsights_sitenote_active":false,"_monsterinsights_sitenote_note":"","_monsterinsights_sitenote_category":0,"footnotes":""},"categories":[35155],"tags":[14250,43675,876],"class_list":["post-285898","post","type-post","status-publish","format-standard","has-post-thumbnail","hentry","category-estado-de-mexico-estado-de-mexico","tag-david-lopez-cardenas","tag-estado-de-mexico","tag-metepec"],"_links":{"self":[{"href":"https:\/\/www.diarioimagen.net\/index.php?rest_route=\/wp\/v2\/posts\/285898","targetHints":{"allow":["GET"]}}],"collection":[{"href":"https:\/\/www.diarioimagen.net\/index.php?rest_route=\/wp\/v2\/posts"}],"about":[{"href":"https:\/\/www.diarioimagen.net\/index.php?rest_route=\/wp\/v2\/types\/post"}],"author":[{"embeddable":true,"href":"https:\/\/www.diarioimagen.net\/index.php?rest_route=\/wp\/v2\/users\/1"}],"replies":[{"embeddable":true,"href":"https:\/\/www.diarioimagen.net\/index.php?rest_route=%2Fwp%2Fv2%2Fcomments&post=285898"}],"version-history":[{"count":0,"href":"https:\/\/www.diarioimagen.net\/index.php?rest_route=\/wp\/v2\/posts\/285898\/revisions"}],"wp:featuredmedia":[{"embeddable":true,"href":"https:\/\/www.diarioimagen.net\/index.php?rest_route=\/wp\/v2\/media\/285899"}],"wp:attachment":[{"href":"https:\/\/www.diarioimagen.net\/index.php?rest_route=%2Fwp%2Fv2%2Fmedia&parent=285898"}],"wp:term":[{"taxonomy":"category","embeddable":true,"href":"https:\/\/www.diarioimagen.net\/index.php?rest_route=%2Fwp%2Fv2%2Fcategories&post=285898"},{"taxonomy":"post_tag","embeddable":true,"href":"https:\/\/www.diarioimagen.net\/index.php?rest_route=%2Fwp%2Fv2%2Ftags&post=285898"}],"curies":[{"name":"wp","href":"https:\/\/api.w.org\/{rel}","templated":true}]}}