{"id":285987,"date":"2016-08-26T00:06:32","date_gmt":"2016-08-26T05:06:32","guid":{"rendered":"http:\/\/www.diarioimagen.net\/?p=285987"},"modified":"2016-08-26T05:42:46","modified_gmt":"2016-08-26T10:42:46","slug":"cumple-jorge-adan-barron-con-mejoramiento-de-imagen-urbana","status":"publish","type":"post","link":"https:\/\/www.diarioimagen.net\/?p=285987","title":{"rendered":"Cumple Jorge Ad\u00e1n Barr\u00f3n con mejoramiento de imagen urbana"},"content":{"rendered":"<ul>\n<li><strong><em>Inaugura calle con concreto hidr\u00e1ulico<\/em><\/strong><\/li>\n<\/ul>\n<p>&nbsp;<\/p>\n<div id=\"attachment_286075\" style=\"width: 430px\" class=\"wp-caption aligncenter\"><a href=\"http:\/\/www.diarioimagen.net\/?attachment_id=286075\" rel=\"attachment wp-att-286075\"><img loading=\"lazy\" decoding=\"async\" aria-describedby=\"caption-attachment-286075\" class=\"size-large wp-image-286075\" src=\"http:\/\/www.diarioimagen.net\/wp-content\/uploads\/2016\/08\/TULTITLAN-2941-420x236.jpg\" alt=\"Jorge Ad\u00e1n Barr\u00f3n Elizalde llev\u00f3 a cabo la inauguraci\u00f3n de la calle Mazatl\u00e1n, en el oriente del municipio.\" width=\"420\" height=\"236\" srcset=\"https:\/\/www.diarioimagen.net\/wp-content\/uploads\/2016\/08\/TULTITLAN-2941-420x236.jpg 420w, https:\/\/www.diarioimagen.net\/wp-content\/uploads\/2016\/08\/TULTITLAN-2941-240x135.jpg 240w, https:\/\/www.diarioimagen.net\/wp-content\/uploads\/2016\/08\/TULTITLAN-2941-235x132.jpg 235w, https:\/\/www.diarioimagen.net\/wp-content\/uploads\/2016\/08\/TULTITLAN-2941-202x114.jpg 202w, https:\/\/www.diarioimagen.net\/wp-content\/uploads\/2016\/08\/TULTITLAN-2941-350x196.jpg 350w, https:\/\/www.diarioimagen.net\/wp-content\/uploads\/2016\/08\/TULTITLAN-2941-220x123.jpg 220w, https:\/\/www.diarioimagen.net\/wp-content\/uploads\/2016\/08\/TULTITLAN-2941-237x132.jpg 237w, https:\/\/www.diarioimagen.net\/wp-content\/uploads\/2016\/08\/TULTITLAN-2941.jpg 480w\" sizes=\"auto, (max-width: 420px) 100vw, 420px\" \/><\/a><p id=\"caption-attachment-286075\" class=\"wp-caption-text\">Jorge Ad\u00e1n Barr\u00f3n Elizalde llev\u00f3 a cabo la inauguraci\u00f3n de la calle Mazatl\u00e1n, en el oriente del municipio.<\/p><\/div>\n<p>&nbsp;<\/p>\n<p><strong>Tultitl\u00e1n, Estado de M\u00e9xico<\/strong>.- Con el objetivo de mejorar la imagen urbana y beneficiar a miles de personas para que transiten en calles y avenidas de calidad, la administraci\u00f3n que encabeza Jorge Ad\u00e1n Barr\u00f3n Elizalde, en conjunto con la Direcci\u00f3n General de Obras P\u00fablicas, llevaron a cabo la inauguraci\u00f3n de la calle Mazatl\u00e1n en la zona oriente de la demarcaci\u00f3n.<\/p>\n<p>El Ejecutivo local resalt\u00f3 que los recursos totalmente municipales, que se est\u00e1n ejerciendo con una buena administraci\u00f3n y transparencia, gracias a la confianza que la ciudadan\u00eda ha depositado en este gobierno al pagar en tiempo y forma sus impuestos, mismos que se\u00a0 regresan en obras.<\/p>\n<p>De igual manera, coment\u00f3 que \u201centregamos un compromiso m\u00e1s, agradezco el trabajo en equipo entre gobierno municipal y vecinos, ya que es la \u00fanica forma que podemos trabajar bien y r\u00e1pido\u201d. \u201cYa estamos fastidiados de las buenas intenciones y palabras, me da mucho gusto entregar esta obra en beneficio de los tultitlenses, un municipio de calidad no s\u00f3lo lo hace el gobierno, sino lo hacemos todos\u201d.<\/p>\n<p>Tambi\u00e9n mencion\u00f3 que hay m\u00e1s obras que se est\u00e1n realizando y pr\u00f3ximamente se repavimentar\u00e1n calles y avenidas de las tres zonas de la demarcaci\u00f3n.<\/p>\n<p>Cabe destacar que dicha pavimentaci\u00f3n beneficiar\u00e1 a m\u00e1s de 2 mil habitantes que viven en esta zona, as\u00ed como a comunidades aleda\u00f1as y automovilistas que transitan por esta calle.<\/p>\n<p>Dicha obra const\u00f3 de pavimentaci\u00f3n con concreto hidr\u00e1ulico, construcci\u00f3n de banquetas, as\u00ed como mejoramiento de terreno a base de grava y pintura para se\u00f1alamientos y guarniciones cubriendo un total de 754 metros cuadrados\u00a0 de calle y 138 metros cuadrados de construcci\u00f3n de banqueta.<\/p>\n<p><strong>###<br \/>\n<\/strong><\/p>\n<p>&nbsp;<\/p>\n","protected":false},"excerpt":{"rendered":"<p>Con el objetivo de mejorar la imagen urbana y beneficiar a miles de personas para que transiten en calles y avenidas de calidad, la administraci\u00f3n que encabeza Jorge Ad\u00e1n Barr\u00f3n Elizalde, en conjunto con la Direcci\u00f3n General de Obras P\u00fablicas, llevaron a cabo la inauguraci\u00f3n de la calle Mazatl\u00e1n en la zona oriente de la demarcaci\u00f3n.<\/p>\n","protected":false},"author":3,"featured_media":286075,"comment_status":"open","ping_status":"open","sticky":false,"template":"","format":"standard","meta":{"_monsterinsights_skip_tracking":false,"_monsterinsights_sitenote_active":false,"_monsterinsights_sitenote_note":"","_monsterinsights_sitenote_category":0,"footnotes":""},"categories":[35155],"tags":[43675,50578,48077,578],"class_list":["post-285987","post","type-post","status-publish","format-standard","has-post-thumbnail","hentry","category-estado-de-mexico-estado-de-mexico","tag-estado-de-mexico","tag-imagen-urbana","tag-jorge-adan-barron-elizalde","tag-tultitlan"],"_links":{"self":[{"href":"https:\/\/www.diarioimagen.net\/index.php?rest_route=\/wp\/v2\/posts\/285987","targetHints":{"allow":["GET"]}}],"collection":[{"href":"https:\/\/www.diarioimagen.net\/index.php?rest_route=\/wp\/v2\/posts"}],"about":[{"href":"https:\/\/www.diarioimagen.net\/index.php?rest_route=\/wp\/v2\/types\/post"}],"author":[{"embeddable":true,"href":"https:\/\/www.diarioimagen.net\/index.php?rest_route=\/wp\/v2\/users\/3"}],"replies":[{"embeddable":true,"href":"https:\/\/www.diarioimagen.net\/index.php?rest_route=%2Fwp%2Fv2%2Fcomments&post=285987"}],"version-history":[{"count":0,"href":"https:\/\/www.diarioimagen.net\/index.php?rest_route=\/wp\/v2\/posts\/285987\/revisions"}],"wp:featuredmedia":[{"embeddable":true,"href":"https:\/\/www.diarioimagen.net\/index.php?rest_route=\/wp\/v2\/media\/286075"}],"wp:attachment":[{"href":"https:\/\/www.diarioimagen.net\/index.php?rest_route=%2Fwp%2Fv2%2Fmedia&parent=285987"}],"wp:term":[{"taxonomy":"category","embeddable":true,"href":"https:\/\/www.diarioimagen.net\/index.php?rest_route=%2Fwp%2Fv2%2Fcategories&post=285987"},{"taxonomy":"post_tag","embeddable":true,"href":"https:\/\/www.diarioimagen.net\/index.php?rest_route=%2Fwp%2Fv2%2Ftags&post=285987"}],"curies":[{"name":"wp","href":"https:\/\/api.w.org\/{rel}","templated":true}]}}