{"id":286020,"date":"2016-08-26T00:09:22","date_gmt":"2016-08-26T05:09:22","guid":{"rendered":"http:\/\/www.diarioimagen.net\/?p=286020"},"modified":"2016-08-26T06:16:36","modified_gmt":"2016-08-26T11:16:36","slug":"piden-mas-facultades-para-alcaldes-de-cdmx","status":"publish","type":"post","link":"https:\/\/www.diarioimagen.net\/?p=286020","title":{"rendered":"Piden m\u00e1s facultades para alcaldes de CDMX"},"content":{"rendered":"<ul>\n<li><strong><em>Foros \u201cHacia el Constituyente\u201d<\/em><\/strong><\/li>\n<\/ul>\n<p>&nbsp;<\/p>\n<div id=\"attachment_286122\" style=\"width: 430px\" class=\"wp-caption aligncenter\"><a href=\"http:\/\/www.diarioimagen.net\/?attachment_id=286122\" rel=\"attachment wp-att-286122\"><img loading=\"lazy\" decoding=\"async\" aria-describedby=\"caption-attachment-286122\" class=\"size-large wp-image-286122\" src=\"http:\/\/www.diarioimagen.net\/wp-content\/uploads\/2016\/08\/ALCALDES-2941-420x236.jpg\" alt=\"La delegada panista, X\u00f3chitl G\u00e1lvez, pidi\u00f3 que se aproveche el Constituyente para solicitar m\u00e1s facultades a quienes gobiernan una demarcaci\u00f3n.\" width=\"420\" height=\"236\" srcset=\"https:\/\/www.diarioimagen.net\/wp-content\/uploads\/2016\/08\/ALCALDES-2941-420x236.jpg 420w, https:\/\/www.diarioimagen.net\/wp-content\/uploads\/2016\/08\/ALCALDES-2941-240x135.jpg 240w, https:\/\/www.diarioimagen.net\/wp-content\/uploads\/2016\/08\/ALCALDES-2941-235x132.jpg 235w, https:\/\/www.diarioimagen.net\/wp-content\/uploads\/2016\/08\/ALCALDES-2941-202x114.jpg 202w, https:\/\/www.diarioimagen.net\/wp-content\/uploads\/2016\/08\/ALCALDES-2941-350x196.jpg 350w, https:\/\/www.diarioimagen.net\/wp-content\/uploads\/2016\/08\/ALCALDES-2941-220x123.jpg 220w, https:\/\/www.diarioimagen.net\/wp-content\/uploads\/2016\/08\/ALCALDES-2941-237x132.jpg 237w, https:\/\/www.diarioimagen.net\/wp-content\/uploads\/2016\/08\/ALCALDES-2941.jpg 480w\" sizes=\"auto, (max-width: 420px) 100vw, 420px\" \/><\/a><p id=\"caption-attachment-286122\" class=\"wp-caption-text\">La delegada panista, X\u00f3chitl G\u00e1lvez, pidi\u00f3 que se aproveche el Constituyente para solicitar m\u00e1s facultades a quienes gobiernan una demarcaci\u00f3n.<\/p><\/div>\n<p>&nbsp;<\/p>\n<p>La jefa delegacional en Miguel Hidalgo, X\u00f3chitl G\u00e1lvez, y la diputada electa Constituyente Margarita Salda\u00f1a, consideraron que los nuevos alcaldes en la Ciudad de M\u00e9xico deber\u00e1n tener facultades para gobernar y sancionar en sus territorios.<\/p>\n<p>Durante el ciclo de foros \u201cHacia el Constituyente\u201d que lleva a cabo el Partido Acci\u00f3n Nacional (PAN) en la capital del pa\u00eds, coincidieron en esa necesidad a fin de que esos funcionarios cuenten con herramientas para solventar las necesidades de la poblaci\u00f3n.<\/p>\n<p>En su intervenci\u00f3n, X\u00f3chitl G\u00e1lvez puso de manifiesto dos graves problemas en la Ciudad de M\u00e9xico que se reflejan en la demarcaci\u00f3n a su cargo: los servicios urbanos y el desarrollo urbano.<\/p>\n<p>En el primer caso se\u00f1al\u00f3 la urgencia de que a la poblaci\u00f3n se le dote de todos los servicios como agua, limpia, jardiner\u00eda, pavimentaci\u00f3n, alumbrado y seguridad.<\/p>\n<p>Dijo que en muchas ocasiones los jefes delegacionales est\u00e1n incapacitados para resolver algunos de ellos y deben atenerse a las autoridades de la Ciudad de M\u00e9xico, como en lo que se refiere a la pavimentaci\u00f3n de v\u00edas primarias.<\/p>\n<p>En cuanto al desarrollo urbano llam\u00f3 a \u201ccerrar la puerta a la corrupci\u00f3n\u201d, y coment\u00f3 que en la delegaci\u00f3n Miguel Hidalgo ha encontrado alarmantes casos de ese tipo por parte de autoridades del gobierno de la Ciudad de M\u00e9xico en el otorgamiento de permisos.<\/p>\n<p>\u201cIncluso hay notarios que no revisan, que se prestan a documentos falsos y la misma Secretar\u00eda de Desarrollo Urbano y Vivienda (Seduvi) otorga permisos, violando el uso de suelo\u201d.<\/p>\n<p>La jefa delegacional propuso que en el pr\u00f3ximo Constituyente se reglamente que las nuevas alcald\u00edas otorguen los permisos y no se haga ni un proyecto si no se consulta a las delegaciones o pr\u00f3ximas alcald\u00edas.<\/p>\n<p>Entre los temas que deben afianzarse para el pr\u00f3ximo constituyente cit\u00f3 que el gobierno de la ciudad no centralice los recursos, pues eso deja desarmados a los delegados y dejar\u00e1 igual a los pr\u00f3ximos alcaldes, y que los recursos del predial se queden en las delegaciones.<\/p>\n<p>Explic\u00f3 que ese dinero llega hasta el gobierno central con el pretexto de repartir los servicios a quienes m\u00e1s lo necesitan, como en el caso de Iztapalapa, \u201cpero no es as\u00ed y se usa para otros programas\u201d.<\/p>\n<p>En tanto Margarita Salda\u00f1a advirti\u00f3 que los nuevos alcaldes \u201cnacer\u00e1n sin m\u00fasculos ni dientes\u201d, pues \u201cno podr\u00e1n infraccionar, decidir ni actuar contra quienes infrinjan la ley\u201d.<\/p>\n<p>Mencion\u00f3 que a los consejales se le va a controlar el presupuesto y no tendr\u00e1n ninguna facultad para gobernar.<\/p>\n<p>&nbsp;<\/p>\n","protected":false},"excerpt":{"rendered":"<p>La jefa delegacional en Miguel Hidalgo, X\u00f3chitl G\u00e1lvez, y la diputada electa Constituyente Margarita Salda\u00f1a, consideraron que los nuevos alcaldes en la Ciudad de M\u00e9xico deber\u00e1n tener facultades para gobernar y sancionar en sus territorios.<\/p>\n","protected":false},"author":3,"featured_media":286122,"comment_status":"open","ping_status":"open","sticky":false,"template":"","format":"standard","meta":{"_monsterinsights_skip_tracking":false,"_monsterinsights_sitenote_active":false,"_monsterinsights_sitenote_note":"","_monsterinsights_sitenote_category":0,"footnotes":""},"categories":[6],"tags":[34444,204,49525,1526,1239],"class_list":["post-286020","post","type-post","status-publish","format-standard","has-post-thumbnail","hentry","category-cd-de-mexico","tag-cdmx","tag-ciudad-de-mexico","tag-constituyente","tag-miguel-hidalgo","tag-xochitl-galvez"],"_links":{"self":[{"href":"https:\/\/www.diarioimagen.net\/index.php?rest_route=\/wp\/v2\/posts\/286020","targetHints":{"allow":["GET"]}}],"collection":[{"href":"https:\/\/www.diarioimagen.net\/index.php?rest_route=\/wp\/v2\/posts"}],"about":[{"href":"https:\/\/www.diarioimagen.net\/index.php?rest_route=\/wp\/v2\/types\/post"}],"author":[{"embeddable":true,"href":"https:\/\/www.diarioimagen.net\/index.php?rest_route=\/wp\/v2\/users\/3"}],"replies":[{"embeddable":true,"href":"https:\/\/www.diarioimagen.net\/index.php?rest_route=%2Fwp%2Fv2%2Fcomments&post=286020"}],"version-history":[{"count":0,"href":"https:\/\/www.diarioimagen.net\/index.php?rest_route=\/wp\/v2\/posts\/286020\/revisions"}],"wp:featuredmedia":[{"embeddable":true,"href":"https:\/\/www.diarioimagen.net\/index.php?rest_route=\/wp\/v2\/media\/286122"}],"wp:attachment":[{"href":"https:\/\/www.diarioimagen.net\/index.php?rest_route=%2Fwp%2Fv2%2Fmedia&parent=286020"}],"wp:term":[{"taxonomy":"category","embeddable":true,"href":"https:\/\/www.diarioimagen.net\/index.php?rest_route=%2Fwp%2Fv2%2Fcategories&post=286020"},{"taxonomy":"post_tag","embeddable":true,"href":"https:\/\/www.diarioimagen.net\/index.php?rest_route=%2Fwp%2Fv2%2Ftags&post=286020"}],"curies":[{"name":"wp","href":"https:\/\/api.w.org\/{rel}","templated":true}]}}