{"id":286035,"date":"2016-08-26T00:01:04","date_gmt":"2016-08-26T05:01:04","guid":{"rendered":"http:\/\/www.diarioimagen.net\/?p=286035"},"modified":"2016-08-26T06:17:32","modified_gmt":"2016-08-26T11:17:32","slug":"jorge-olvera-entrego-becas-por-un-monto-superior-a-44-mil-pesos","status":"publish","type":"post","link":"https:\/\/www.diarioimagen.net\/?p=286035","title":{"rendered":"Jorge Olvera entreg\u00f3 becas por un monto superior a 44 mil pesos"},"content":{"rendered":"<p><a href=\"http:\/\/www.diarioimagen.net\/?attachment_id=286125\" rel=\"attachment wp-att-286125\"><img loading=\"lazy\" decoding=\"async\" class=\"aligncenter size-large wp-image-286125\" src=\"http:\/\/www.diarioimagen.net\/wp-content\/uploads\/2016\/08\/UAEM-2941-420x236.jpg\" alt=\"UAEM-2941\" width=\"420\" height=\"236\" srcset=\"https:\/\/www.diarioimagen.net\/wp-content\/uploads\/2016\/08\/UAEM-2941-420x236.jpg 420w, https:\/\/www.diarioimagen.net\/wp-content\/uploads\/2016\/08\/UAEM-2941-240x135.jpg 240w, https:\/\/www.diarioimagen.net\/wp-content\/uploads\/2016\/08\/UAEM-2941-480x270.jpg 480w, https:\/\/www.diarioimagen.net\/wp-content\/uploads\/2016\/08\/UAEM-2941-235x132.jpg 235w, https:\/\/www.diarioimagen.net\/wp-content\/uploads\/2016\/08\/UAEM-2941-202x114.jpg 202w, https:\/\/www.diarioimagen.net\/wp-content\/uploads\/2016\/08\/UAEM-2941-350x196.jpg 350w, https:\/\/www.diarioimagen.net\/wp-content\/uploads\/2016\/08\/UAEM-2941-220x123.jpg 220w, https:\/\/www.diarioimagen.net\/wp-content\/uploads\/2016\/08\/UAEM-2941-237x132.jpg 237w, https:\/\/www.diarioimagen.net\/wp-content\/uploads\/2016\/08\/UAEM-2941.jpg 700w\" sizes=\"auto, (max-width: 420px) 100vw, 420px\" \/><\/a><\/p>\n<p>&nbsp;<\/p>\n<p>El rector de la Universidad Aut\u00f3noma del Estado de M\u00e9xico, Jorge Olvera Garc\u00eda, entreg\u00f3 14 becas de Titulaci\u00f3n, cuatro Acad\u00e9micas \u201cIng. Armando V\u00e1zquez\u201d y dos de Manutenci\u00f3n \u201cLic. Adolfo L\u00f3pez Mateos\u201d, as\u00ed como apoyos para servicio social y pr\u00e1cticas profesionales, por un monto superior a los 44 mil pesos, en beneficio de 24 estudiantes.<\/p>\n","protected":false},"excerpt":{"rendered":"<p>El rector de la Universidad Aut\u00f3noma del Estado de M\u00e9xico, Jorge Olvera Garc\u00eda, entreg\u00f3 14 becas de Titulaci\u00f3n, cuatro Acad\u00e9micas \u201cIng. Armando V\u00e1zquez\u201d y dos de Manutenci\u00f3n \u201cLic. Adolfo L\u00f3pez Mateos\u201d, as\u00ed como apoyos para servicio social y pr\u00e1cticas profesionales, por un monto superior a los 44 mil pesos, en beneficio de 24 estudiantes.<\/p>\n","protected":false},"author":3,"featured_media":286125,"comment_status":"open","ping_status":"open","sticky":false,"template":"","format":"standard","meta":{"_monsterinsights_skip_tracking":false,"_monsterinsights_sitenote_active":false,"_monsterinsights_sitenote_note":"","_monsterinsights_sitenote_category":0,"footnotes":""},"categories":[35155],"tags":[43675,27015,1491],"class_list":["post-286035","post","type-post","status-publish","format-standard","has-post-thumbnail","hentry","category-estado-de-mexico-estado-de-mexico","tag-estado-de-mexico","tag-jorge-olvera-garcia","tag-uaem"],"_links":{"self":[{"href":"https:\/\/www.diarioimagen.net\/index.php?rest_route=\/wp\/v2\/posts\/286035","targetHints":{"allow":["GET"]}}],"collection":[{"href":"https:\/\/www.diarioimagen.net\/index.php?rest_route=\/wp\/v2\/posts"}],"about":[{"href":"https:\/\/www.diarioimagen.net\/index.php?rest_route=\/wp\/v2\/types\/post"}],"author":[{"embeddable":true,"href":"https:\/\/www.diarioimagen.net\/index.php?rest_route=\/wp\/v2\/users\/3"}],"replies":[{"embeddable":true,"href":"https:\/\/www.diarioimagen.net\/index.php?rest_route=%2Fwp%2Fv2%2Fcomments&post=286035"}],"version-history":[{"count":0,"href":"https:\/\/www.diarioimagen.net\/index.php?rest_route=\/wp\/v2\/posts\/286035\/revisions"}],"wp:featuredmedia":[{"embeddable":true,"href":"https:\/\/www.diarioimagen.net\/index.php?rest_route=\/wp\/v2\/media\/286125"}],"wp:attachment":[{"href":"https:\/\/www.diarioimagen.net\/index.php?rest_route=%2Fwp%2Fv2%2Fmedia&parent=286035"}],"wp:term":[{"taxonomy":"category","embeddable":true,"href":"https:\/\/www.diarioimagen.net\/index.php?rest_route=%2Fwp%2Fv2%2Fcategories&post=286035"},{"taxonomy":"post_tag","embeddable":true,"href":"https:\/\/www.diarioimagen.net\/index.php?rest_route=%2Fwp%2Fv2%2Ftags&post=286035"}],"curies":[{"name":"wp","href":"https:\/\/api.w.org\/{rel}","templated":true}]}}