{"id":286710,"date":"2016-08-31T00:07:17","date_gmt":"2016-08-31T05:07:17","guid":{"rendered":"http:\/\/www.diarioimagen.net\/?p=286710"},"modified":"2016-09-01T01:07:13","modified_gmt":"2016-09-01T06:07:13","slug":"reconoce-epn-repunte-en-indices-de-criminalidad","status":"publish","type":"post","link":"https:\/\/www.diarioimagen.net\/?p=286710","title":{"rendered":"Reconoce EPN repunte en \u00edndices de criminalidad"},"content":{"rendered":"<ul>\n<li><strong><em>Anuncia nueva estrategia<\/em><\/strong><\/li>\n<\/ul>\n<p>&nbsp;<\/p>\n<div id=\"attachment_286754\" style=\"width: 430px\" class=\"wp-caption aligncenter\"><a href=\"http:\/\/www.diarioimagen.net\/?attachment_id=286754\" rel=\"attachment wp-att-286754\"><img loading=\"lazy\" decoding=\"async\" aria-describedby=\"caption-attachment-286754\" class=\"size-large wp-image-286754\" src=\"http:\/\/www.diarioimagen.net\/wp-content\/uploads\/2016\/08\/epn-2944-420x236.jpg\" alt=\"El presidente Enrique Pe\u00f1a Nieto encabez\u00f3 la 40 sesi\u00f3n del Consejo Nacional de Seguridad.\" width=\"420\" height=\"236\" srcset=\"https:\/\/www.diarioimagen.net\/wp-content\/uploads\/2016\/08\/epn-2944-420x236.jpg 420w, https:\/\/www.diarioimagen.net\/wp-content\/uploads\/2016\/08\/epn-2944-240x135.jpg 240w, https:\/\/www.diarioimagen.net\/wp-content\/uploads\/2016\/08\/epn-2944-235x132.jpg 235w, https:\/\/www.diarioimagen.net\/wp-content\/uploads\/2016\/08\/epn-2944-202x114.jpg 202w, https:\/\/www.diarioimagen.net\/wp-content\/uploads\/2016\/08\/epn-2944-350x196.jpg 350w, https:\/\/www.diarioimagen.net\/wp-content\/uploads\/2016\/08\/epn-2944-220x123.jpg 220w, https:\/\/www.diarioimagen.net\/wp-content\/uploads\/2016\/08\/epn-2944-237x132.jpg 237w, https:\/\/www.diarioimagen.net\/wp-content\/uploads\/2016\/08\/epn-2944.jpg 480w\" sizes=\"auto, (max-width: 420px) 100vw, 420px\" \/><\/a><p id=\"caption-attachment-286754\" class=\"wp-caption-text\">El presidente Enrique Pe\u00f1a Nieto encabez\u00f3 la 40 sesi\u00f3n del Consejo Nacional de Seguridad.<\/p><\/div>\n<p>&nbsp;<\/p>\n<p>El presidente Enrique Pe\u00f1a Nieto gir\u00f3 instrucciones al gabinete de seguridad para que se ponga en marcha una estrategia de coordinaci\u00f3n integral para combatir los homicidios dolosos en 50 municipios, zona que concentra 42 por ciento de estos il\u00edcitos que se cometen en el pa\u00eds.<\/p>\n<p>Durante la clausura de la 40 sesi\u00f3n del Consejo Nacional de Seguridad P\u00fablica, el Presidente dijo que \u201cun tema que nos preocupa y ocupa a todas las autoridades, es el repunte de algunos delitos de alto impacto durante los primeros siete meses de este a\u00f1o, en relaci\u00f3n con el mismo periodo del a\u00f1o pasado\u201d.<\/p>\n<p>Se\u00f1al\u00f3 que \u201cen s\u00f3lo el dos por ciento de los municipios de todo el pa\u00eds, se est\u00e1n cometiendo el 42 por ciento de los homicidios dolosos\u201d, por lo que con la colaboraci\u00f3n de los gobiernos locales, se reforzar\u00e1n las acciones de prevenci\u00f3n social, fortalecimiento institucional y combate a la violencia en estas demarcaciones.<\/p>\n<p>El mandatario federal exhort\u00f3 a los gobernadores y al jefe de gobierno de la Ciudad de M\u00e9xico a \u201casumir la obligaci\u00f3n y compromiso de encabezar los esfuerzos para brindar mayor seguridad a los habitantes de sus entidades\u201d.<\/p>\n<p>Pe\u00f1a Nieto enfatiz\u00f3 que \u201clas fuerzas federales estar\u00e1n invariablemente ah\u00ed donde se necesite para ofrecer respaldo a las polic\u00edas locales, de manera subsidiaria y temporal, no para suplirlas ni reemplazarlas.<\/p>\n<p>Al referirse a los puntos esenciales de la reuni\u00f3n, recalc\u00f3 que la soluci\u00f3n de fondo es contar con corporaciones de seguridad locales s\u00f3lidas en los 32 estados, con criterios homologados en su profesionalizaci\u00f3n, su equipamiento y sus protocolos de actuaci\u00f3n.<\/p>\n<p>En este sentido, urgi\u00f3 a concretar la reforma constitucional en materia de seguridad p\u00fablica, que se discute en el Congreso de la Uni\u00f3n a partir de una iniciativa del Ejecutivo federal, en la que es importante concretar y avanzar para contar con corporaciones policiales m\u00e1s fuertes.<\/p>\n<p>El titular del Ejecutivo federal instruy\u00f3 al secretario de Gobernaci\u00f3n, Miguel \u00c1ngel Osorio Chong, para tener una reforma que dote a M\u00e9xico de corporaciones policiales m\u00e1s fuertes, m\u00e1s profesionales y que act\u00faen de manera m\u00e1s eficiente en el \u00e1mbito local.<\/p>\n<p>Confi\u00f3 en que se pueda concretar un nuevo modelo \u201cinscrito en ley, inscrito en la Constituci\u00f3n, que permita lograr lo que ha sido una demanda reiterada y a\u00fan no lograda por parte del Estado mexicano: fortalecer las corporaciones policiacas que act\u00faan en las distintas entidades federativas\u201d.<\/p>\n<p>Ante gobernadores, los ministros de la Suprema Corte de Justicia de la Naci\u00f3n, as\u00ed como integrantes\u00a0 del Senado y de la C\u00e1mara de Diputados, Pe\u00f1a Nieto tambi\u00e9n anunci\u00f3 que el pr\u00f3ximo 3 de octubre comenzar\u00e1 a operar de manera gradual el n\u00famero \u00fanico de emergencia, 911.<\/p>\n<p>&nbsp;<\/p>\n","protected":false},"excerpt":{"rendered":"<p>El presidente Enrique Pe\u00f1a Nieto gir\u00f3 instrucciones al gabinete de seguridad para que se ponga en marcha una estrategia de coordinaci\u00f3n integral para combatir los homicidios dolosos en 50 municipios, zona que concentra 42 por ciento de estos il\u00edcitos que se cometen en el pa\u00eds.<\/p>\n","protected":false},"author":3,"featured_media":286754,"comment_status":"open","ping_status":"open","sticky":false,"template":"","format":"standard","meta":{"_monsterinsights_skip_tracking":false,"_monsterinsights_sitenote_active":false,"_monsterinsights_sitenote_note":"","_monsterinsights_sitenote_category":0,"footnotes":""},"categories":[7],"tags":[1716,43673,43677],"class_list":["post-286710","post","type-post","status-publish","format-standard","has-post-thumbnail","hentry","category-seguridad","tag-epn","tag-nacional","tag-seguridad"],"_links":{"self":[{"href":"https:\/\/www.diarioimagen.net\/index.php?rest_route=\/wp\/v2\/posts\/286710","targetHints":{"allow":["GET"]}}],"collection":[{"href":"https:\/\/www.diarioimagen.net\/index.php?rest_route=\/wp\/v2\/posts"}],"about":[{"href":"https:\/\/www.diarioimagen.net\/index.php?rest_route=\/wp\/v2\/types\/post"}],"author":[{"embeddable":true,"href":"https:\/\/www.diarioimagen.net\/index.php?rest_route=\/wp\/v2\/users\/3"}],"replies":[{"embeddable":true,"href":"https:\/\/www.diarioimagen.net\/index.php?rest_route=%2Fwp%2Fv2%2Fcomments&post=286710"}],"version-history":[{"count":0,"href":"https:\/\/www.diarioimagen.net\/index.php?rest_route=\/wp\/v2\/posts\/286710\/revisions"}],"wp:featuredmedia":[{"embeddable":true,"href":"https:\/\/www.diarioimagen.net\/index.php?rest_route=\/wp\/v2\/media\/286754"}],"wp:attachment":[{"href":"https:\/\/www.diarioimagen.net\/index.php?rest_route=%2Fwp%2Fv2%2Fmedia&parent=286710"}],"wp:term":[{"taxonomy":"category","embeddable":true,"href":"https:\/\/www.diarioimagen.net\/index.php?rest_route=%2Fwp%2Fv2%2Fcategories&post=286710"},{"taxonomy":"post_tag","embeddable":true,"href":"https:\/\/www.diarioimagen.net\/index.php?rest_route=%2Fwp%2Fv2%2Ftags&post=286710"}],"curies":[{"name":"wp","href":"https:\/\/api.w.org\/{rel}","templated":true}]}}