{"id":286732,"date":"2016-08-31T00:09:48","date_gmt":"2016-08-31T05:09:48","guid":{"rendered":"http:\/\/www.diarioimagen.net\/?p=286732"},"modified":"2016-08-31T04:56:11","modified_gmt":"2016-08-31T09:56:11","slug":"ipn-ya-no-habra-segundas-vueltas-para-nivel-superior","status":"publish","type":"post","link":"https:\/\/www.diarioimagen.net\/?p=286732","title":{"rendered":"IPN: ya no habr\u00e1 segundas vueltas para nivel superior"},"content":{"rendered":"<ul>\n<li><strong><em>\u201cMuch\u00edsimos estudiantes y pocos lugares\u201d<\/em><\/strong><\/li>\n<\/ul>\n<p>&nbsp;<\/p>\n<div id=\"attachment_286821\" style=\"width: 430px\" class=\"wp-caption aligncenter\"><a href=\"http:\/\/www.diarioimagen.net\/?attachment_id=286821\" rel=\"attachment wp-att-286821\"><img loading=\"lazy\" decoding=\"async\" aria-describedby=\"caption-attachment-286821\" class=\"size-large wp-image-286821\" src=\"http:\/\/www.diarioimagen.net\/wp-content\/uploads\/2016\/08\/IPN-2944-420x236.jpg\" alt=\"A partir de este a\u00f1o, el IPN no llevar\u00e1 a cabo m\u00e1s segundas vueltas en el nivel superior por la falta de lugares.\" width=\"420\" height=\"236\" srcset=\"https:\/\/www.diarioimagen.net\/wp-content\/uploads\/2016\/08\/IPN-2944-420x236.jpg 420w, https:\/\/www.diarioimagen.net\/wp-content\/uploads\/2016\/08\/IPN-2944-240x135.jpg 240w, https:\/\/www.diarioimagen.net\/wp-content\/uploads\/2016\/08\/IPN-2944-235x132.jpg 235w, https:\/\/www.diarioimagen.net\/wp-content\/uploads\/2016\/08\/IPN-2944-202x114.jpg 202w, https:\/\/www.diarioimagen.net\/wp-content\/uploads\/2016\/08\/IPN-2944-350x196.jpg 350w, https:\/\/www.diarioimagen.net\/wp-content\/uploads\/2016\/08\/IPN-2944-220x123.jpg 220w, https:\/\/www.diarioimagen.net\/wp-content\/uploads\/2016\/08\/IPN-2944-237x132.jpg 237w, https:\/\/www.diarioimagen.net\/wp-content\/uploads\/2016\/08\/IPN-2944.jpg 480w\" sizes=\"auto, (max-width: 420px) 100vw, 420px\" \/><\/a><p id=\"caption-attachment-286821\" class=\"wp-caption-text\">A partir de este a\u00f1o, el IPN no llevar\u00e1 a cabo m\u00e1s segundas vueltas en el nivel superior por la falta de lugares.<\/p><\/div>\n<p>&nbsp;<\/p>\n<p>Enrique Fern\u00e1ndez Fassnacht, director general del Instituto Polit\u00e9cnico Nacional, manifest\u00f3 que, a partir de este a\u00f1o, el Instituto no llevar\u00e1 a cabo m\u00e1s segundas vueltas en el nivel superior porque, generalmente, existen muy pocos lugares por asignar y hay much\u00edsimos aspirantes a ocupar estos pocos lugares.<\/p>\n<p>\u201cEn lugar de eso, lo que hicimos fue una preasignaci\u00f3n basados en la estad\u00edstica que existe en el IPN de tal manera que asignamos ahora, para el verano, todos los lugares de que dispon\u00edamos y dado que muchos entran en enero, tambi\u00e9n asignamos ya los lugares para entonces\u201d, dijo.<\/p>\n<p>Entrevistado en la SEP, en el marco de la reuni\u00f3n del Consejo General de la Asociaci\u00f3n Nacional de Universidades e Instituciones de Educaci\u00f3n Superior, expuso que la ventaja es que estamos hablando de la misma poblaci\u00f3n que present\u00f3 el examen. Lo hicieron m\u00e1s de 90 mil personas. Pero los lugares con que se cuentan son los mismos: 25 mil.<\/p>\n<p>\u201cNo se trata de que quisi\u00e9ramos reservarnos lugares. Simplemente hicimos una asignaci\u00f3n m\u00e1s inteligente este a\u00f1o, de tal suerte que todos los sitios fueran ocupados.<\/p>\n<p>\u201cEl IPN tiene que hacer un esfuerzo muy grande en la segunda vuelta para asignar unos cuantos lugares. A diferencia de ello, usamos el mismo primer proceso de admisi\u00f3n para asignar todos los sitios\u201d.<\/p>\n<p>Insisti\u00f3: \u201cLo que no cambia es la oferta del Instituto. Estamos hablando de que ingresaron al IPN, en n\u00fameros muy redondos, cerca de 25 mil estudiantes\u201d.<\/p>\n<p>Sobre si la eliminaci\u00f3n de la segunda vuelta es ya definitiva, dijo: \u201cYa tenemos otros m\u00e9todos. Hay que recordar que en este proceso, por primera vez en la historia del Polit\u00e9cnico se integr\u00f3 una Comisi\u00f3n del Consejo General Consultivo en la que est\u00e1n representados alumnos, profesores y autoridades, que son los que determinaron los procesos para integrar al Polit\u00e9cnico.<\/p>\n<p>&nbsp;<\/p>\n","protected":false},"excerpt":{"rendered":"<p>Enrique Fern\u00e1ndez Fassnacht, director general del Instituto Polit\u00e9cnico Nacional, manifest\u00f3 que, a partir de este a\u00f1o, el Instituto no llevar\u00e1 a cabo m\u00e1s segundas vueltas en el nivel superior porque, generalmente, existen muy pocos lugares por asignar y hay much\u00edsimos aspirantes a ocupar estos pocos lugares.<\/p>\n","protected":false},"author":3,"featured_media":286821,"comment_status":"open","ping_status":"open","sticky":false,"template":"","format":"standard","meta":{"_monsterinsights_skip_tracking":false,"_monsterinsights_sitenote_active":false,"_monsterinsights_sitenote_note":"","_monsterinsights_sitenote_category":0,"footnotes":""},"categories":[1295],"tags":[37172,314,100],"class_list":["post-286732","post","type-post","status-publish","format-standard","has-post-thumbnail","hentry","category-educacion","tag-enrique-fernandez-fassnacht","tag-ipn","tag-segunda-vuelta"],"_links":{"self":[{"href":"https:\/\/www.diarioimagen.net\/index.php?rest_route=\/wp\/v2\/posts\/286732","targetHints":{"allow":["GET"]}}],"collection":[{"href":"https:\/\/www.diarioimagen.net\/index.php?rest_route=\/wp\/v2\/posts"}],"about":[{"href":"https:\/\/www.diarioimagen.net\/index.php?rest_route=\/wp\/v2\/types\/post"}],"author":[{"embeddable":true,"href":"https:\/\/www.diarioimagen.net\/index.php?rest_route=\/wp\/v2\/users\/3"}],"replies":[{"embeddable":true,"href":"https:\/\/www.diarioimagen.net\/index.php?rest_route=%2Fwp%2Fv2%2Fcomments&post=286732"}],"version-history":[{"count":0,"href":"https:\/\/www.diarioimagen.net\/index.php?rest_route=\/wp\/v2\/posts\/286732\/revisions"}],"wp:featuredmedia":[{"embeddable":true,"href":"https:\/\/www.diarioimagen.net\/index.php?rest_route=\/wp\/v2\/media\/286821"}],"wp:attachment":[{"href":"https:\/\/www.diarioimagen.net\/index.php?rest_route=%2Fwp%2Fv2%2Fmedia&parent=286732"}],"wp:term":[{"taxonomy":"category","embeddable":true,"href":"https:\/\/www.diarioimagen.net\/index.php?rest_route=%2Fwp%2Fv2%2Fcategories&post=286732"},{"taxonomy":"post_tag","embeddable":true,"href":"https:\/\/www.diarioimagen.net\/index.php?rest_route=%2Fwp%2Fv2%2Ftags&post=286732"}],"curies":[{"name":"wp","href":"https:\/\/api.w.org\/{rel}","templated":true}]}}