{"id":286864,"date":"2016-09-01T00:08:35","date_gmt":"2016-09-01T05:08:35","guid":{"rendered":"http:\/\/www.diarioimagen.net\/?p=286864"},"modified":"2016-09-01T01:02:25","modified_gmt":"2016-09-01T06:02:25","slug":"recibiran-lentes-oftalmologicos-40-mil-abuelitos-mexiquenses","status":"publish","type":"post","link":"https:\/\/www.diarioimagen.net\/?p=286864","title":{"rendered":"Recibir\u00e1n lentes oftalmol\u00f3gicos 40 mil abuelitos"},"content":{"rendered":"<ul>\n<li><em><strong>De manera gratuita<\/strong><\/em><\/li>\n<\/ul>\n<p>&nbsp;<\/p>\n<div id=\"attachment_286865\" style=\"width: 430px\" class=\"wp-caption aligncenter\"><a href=\"http:\/\/www.diarioimagen.net\/?attachment_id=286865\" rel=\"attachment wp-att-286865\"><img loading=\"lazy\" decoding=\"async\" aria-describedby=\"caption-attachment-286865\" class=\"size-large wp-image-286865\" src=\"http:\/\/www.diarioimagen.net\/wp-content\/uploads\/2016\/08\/LENTES-portal-420x245.jpg\" alt=\"La presidenta honoraria del DIF Estado de M\u00e9xico, Isis \u00c1vila Mu\u00f1oz, inici\u00f3 la entrega de lentes oftalmol\u00f3gicos gratuitos a abuelitas y abuelitos.\" width=\"420\" height=\"245\" srcset=\"https:\/\/www.diarioimagen.net\/wp-content\/uploads\/2016\/08\/LENTES-portal-420x245.jpg 420w, https:\/\/www.diarioimagen.net\/wp-content\/uploads\/2016\/08\/LENTES-portal-240x140.jpg 240w, https:\/\/www.diarioimagen.net\/wp-content\/uploads\/2016\/08\/LENTES-portal.jpg 480w\" sizes=\"auto, (max-width: 420px) 100vw, 420px\" \/><\/a><p id=\"caption-attachment-286865\" class=\"wp-caption-text\">La presidenta honoraria del DIF Estado de M\u00e9xico, Isis \u00c1vila Mu\u00f1oz, inici\u00f3 la entrega de lentes oftalmol\u00f3gicos gratuitos a abuelitas y abuelitos.<\/p><\/div>\n<p>&nbsp;<\/p>\n<p><strong>Santa Cruz Atizap\u00e1n, Estado de M\u00e9xico<\/strong>.- Con el objetivo de contribuir a alcanzar la plenitud, la independencia y la inclusi\u00f3n social de los adultos mayores, la presidenta honoraria del DIF Estado de M\u00e9xico, Isis \u00c1vila Mu\u00f1oz, inici\u00f3 la entrega de lentes oftalmol\u00f3gicos gratuitos a abuelitas y abuelitos mexiquenses, y que este a\u00f1o beneficiar\u00e1n la salud visual de 40 mil personas de la tercera edad.<\/p>\n<p>Acompa\u00f1ada de Carolina Alan\u00eds Moreno, directora general del DIFEM y ante m\u00e1s de mil 500 adultos mayores, Isis \u00c1vila refiri\u00f3 que la vista cansada, la miop\u00eda o la visi\u00f3n borrosa, son los principales problemas que presentan las personas mayores de 60 a\u00f1os, por lo que se decidi\u00f3 establecer la entrega de lentes gratuitos para la poblaci\u00f3n en condiciones de vulnerabilidad y as\u00ed contribuir en la mejora de su salud y econom\u00eda.<\/p>\n<p>Refiri\u00f3 que durante este a\u00f1o, el organismo entregar\u00e1 40 mil pares de lentes, con los que se llegar\u00e1 a 116 mil entregados durante la actual administraci\u00f3n, en los que se han invertido m\u00e1s de 28 millones de pesos, que se suman a la entrega de cerca de 3 mil aparatos auditivos.<\/p>\n<p>\u201cEn el Estado de M\u00e9xico queremos\u00a0 que los abuelitos sigan siendo productivos, amorosos y plenos, por ello estamos invirtiendo en su salud, porque estamos conscientes de que para aprender, caminar y realizar cualquier actividad es indispensable contar con una buena vista\u201d, expres\u00f3 la titular del DIFEM.<\/p>\n","protected":false},"excerpt":{"rendered":"<p>Con el objetivo de contribuir a alcanzar la plenitud, la independencia y la inclusi\u00f3n social de los adultos mayores, la presidenta honoraria del DIF Estado de M\u00e9xico, Isis \u00c1vila Mu\u00f1oz, inici\u00f3 la entrega de lentes oftalmol\u00f3gicos gratuitos a abuelitas y abuelitos mexiquenses, y que este a\u00f1o beneficiar\u00e1n la salud visual de 40 mil personas de la tercera edad.<\/p>\n","protected":false},"author":5,"featured_media":286865,"comment_status":"open","ping_status":"open","sticky":false,"template":"","format":"standard","meta":{"_monsterinsights_skip_tracking":false,"_monsterinsights_sitenote_active":false,"_monsterinsights_sitenote_note":"","_monsterinsights_sitenote_category":0,"footnotes":""},"categories":[5],"tags":[53478,43675,28207],"class_list":["post-286864","post","type-post","status-publish","format-standard","has-post-thumbnail","hentry","category-estado-de-mexico","tag-abuelitos","tag-estado-de-mexico","tag-isis-avila-munoz"],"_links":{"self":[{"href":"https:\/\/www.diarioimagen.net\/index.php?rest_route=\/wp\/v2\/posts\/286864","targetHints":{"allow":["GET"]}}],"collection":[{"href":"https:\/\/www.diarioimagen.net\/index.php?rest_route=\/wp\/v2\/posts"}],"about":[{"href":"https:\/\/www.diarioimagen.net\/index.php?rest_route=\/wp\/v2\/types\/post"}],"author":[{"embeddable":true,"href":"https:\/\/www.diarioimagen.net\/index.php?rest_route=\/wp\/v2\/users\/5"}],"replies":[{"embeddable":true,"href":"https:\/\/www.diarioimagen.net\/index.php?rest_route=%2Fwp%2Fv2%2Fcomments&post=286864"}],"version-history":[{"count":0,"href":"https:\/\/www.diarioimagen.net\/index.php?rest_route=\/wp\/v2\/posts\/286864\/revisions"}],"wp:featuredmedia":[{"embeddable":true,"href":"https:\/\/www.diarioimagen.net\/index.php?rest_route=\/wp\/v2\/media\/286865"}],"wp:attachment":[{"href":"https:\/\/www.diarioimagen.net\/index.php?rest_route=%2Fwp%2Fv2%2Fmedia&parent=286864"}],"wp:term":[{"taxonomy":"category","embeddable":true,"href":"https:\/\/www.diarioimagen.net\/index.php?rest_route=%2Fwp%2Fv2%2Fcategories&post=286864"},{"taxonomy":"post_tag","embeddable":true,"href":"https:\/\/www.diarioimagen.net\/index.php?rest_route=%2Fwp%2Fv2%2Ftags&post=286864"}],"curies":[{"name":"wp","href":"https:\/\/api.w.org\/{rel}","templated":true}]}}