{"id":286923,"date":"2016-09-01T00:06:17","date_gmt":"2016-09-01T05:06:17","guid":{"rendered":"http:\/\/www.diarioimagen.net\/?p=286923"},"modified":"2016-09-01T23:36:11","modified_gmt":"2016-09-02T04:36:11","slug":"se-garantizan-derechos-humanos-dice-elias-azar","status":"publish","type":"post","link":"https:\/\/www.diarioimagen.net\/?p=286923","title":{"rendered":"Se garantizan derechos humanos, dice El\u00edas Azar"},"content":{"rendered":"<ul>\n<li><strong><em>Bases de la impartici\u00f3n de justicia<\/em><\/strong><\/li>\n<\/ul>\n<p>&nbsp;<\/p>\n<div id=\"attachment_286945\" style=\"width: 430px\" class=\"wp-caption aligncenter\"><a href=\"http:\/\/www.diarioimagen.net\/?attachment_id=286945\" rel=\"attachment wp-att-286945\"><img loading=\"lazy\" decoding=\"async\" aria-describedby=\"caption-attachment-286945\" class=\"size-large wp-image-286945\" src=\"http:\/\/www.diarioimagen.net\/wp-content\/uploads\/2016\/09\/elias-azar-2945-420x236.jpg\" alt=\"El presidente del TSJCDMX, Edgar El\u00edas Azar, durante en la presentaci\u00f3n del Diagn\u00f3stico y Programa de Derechos Humanos de la CDMX 2016-2021.\" width=\"420\" height=\"236\" srcset=\"https:\/\/www.diarioimagen.net\/wp-content\/uploads\/2016\/09\/elias-azar-2945-420x236.jpg 420w, https:\/\/www.diarioimagen.net\/wp-content\/uploads\/2016\/09\/elias-azar-2945-240x135.jpg 240w, https:\/\/www.diarioimagen.net\/wp-content\/uploads\/2016\/09\/elias-azar-2945-480x270.jpg 480w, https:\/\/www.diarioimagen.net\/wp-content\/uploads\/2016\/09\/elias-azar-2945-235x132.jpg 235w, https:\/\/www.diarioimagen.net\/wp-content\/uploads\/2016\/09\/elias-azar-2945-202x114.jpg 202w, https:\/\/www.diarioimagen.net\/wp-content\/uploads\/2016\/09\/elias-azar-2945-350x196.jpg 350w, https:\/\/www.diarioimagen.net\/wp-content\/uploads\/2016\/09\/elias-azar-2945-220x123.jpg 220w, https:\/\/www.diarioimagen.net\/wp-content\/uploads\/2016\/09\/elias-azar-2945-237x132.jpg 237w, https:\/\/www.diarioimagen.net\/wp-content\/uploads\/2016\/09\/elias-azar-2945.jpg 700w\" sizes=\"auto, (max-width: 420px) 100vw, 420px\" \/><\/a><p id=\"caption-attachment-286945\" class=\"wp-caption-text\">El presidente del TSJCDMX, Edgar El\u00edas Azar, durante en la presentaci\u00f3n del Diagn\u00f3stico y Programa de Derechos Humanos de la CDMX 2016-2021.<\/p><\/div>\n<p>&nbsp;<\/p>\n<p>El Tribunal Superior de Justicia de la Ciudad de M\u00e9xico (TSJ CDMX) fortalece a\u00f1o con a\u00f1o la generaci\u00f3n de datos para evaluar su funci\u00f3n en sus distintas materias, con lo que se sientan las bases de una impartici\u00f3n y administraci\u00f3n de justicia orientada a la vigilancia de los derechos humanos que tutela, afirm\u00f3 el presidente del \u00f3rgano judicial, magistrado Edgar El\u00edas Azar.<\/p>\n<p>En la presentaci\u00f3n del Diagn\u00f3stico y Programa de Derechos Humanos de la CDMX 2016-2021, inform\u00f3 que el TSJCDMX cuenta con m\u00e1s de 320 indicadores en la materia, que permiten dar seguimiento y valorar la actividad jurisdiccional y administrativa, y con lo que se miden aspectos como la accesibilidad, debido proceso, tiempos procesales, comprensi\u00f3n del lenguaje jur\u00eddico, costos de la justicia, entre otros.<\/p>\n<p>En el Museo de la Ciudad de M\u00e9xico, y con la presencia del jefe de gobierno, Miguel \u00c1ngel Mancera Espinosa, el magistrado enfatiz\u00f3 que la perspectiva y enfoque de derechos humanos es condici\u00f3n esencial en la funci\u00f3n jurisdiccional, e insisti\u00f3 en que gracias a los indicadores establecidos en el TSJCDMX se cuenta con instrumentos que permiten, asimismo, desarrollar pol\u00edticas de g\u00e9nero, protecci\u00f3n a grupos vulnerables, calidad en el servicio y liderazgo y responsabilidad social para afrontar los retos de la promoci\u00f3n y defensa de los derechos fundamentales de las personas.<\/p>\n<p>Record\u00f3 que, a la fecha, el \u00f3rgano judicial capitalino cuenta con tres vol\u00famenes de Indicadores sobre el Derecho a un Juicio Justo, y que ha incorporado en las \u00faltimas tres ediciones del Anuario Estad\u00edstico y de Indicadores de Derechos Humanos informaci\u00f3n relevante en temas, como equidad de g\u00e9nero, protecci\u00f3n especial de ni\u00f1as, ni\u00f1os y adolescentes, accesibilidad a la justicia, capacitaci\u00f3n en derechos humanos y gasto p\u00fablico, entre otros.<\/p>\n<p>El\u00edas Azar, con la presencia de funcionarios del gobierno federal, legisladores, acad\u00e9micos, defensores de derechos humanos y organismos de la sociedad civil que los impulsan, indic\u00f3 que el TSJCDMX fue el primer tribunal del mundo en contar con indicadores en la materia, utilizando la metodolog\u00eda de las Naciones Unidas, lo que consider\u00f3 como un hecho con el que la CDMX se mantiene a la vanguardia.<\/p>\n<p>Al referirse al diagn\u00f3stico actualizado y al Programa de Derechos Humanos de la CDMX 2016-2021, dijo que con tal documento se atiende la necesidad de reconocimiento y garant\u00eda de los derechos humanos de las personas que habitan y transitan en la capital del pa\u00eds, y refrend\u00f3 la disposici\u00f3n del TSJCDMX por atender las l\u00edneas de acci\u00f3n del mismo, en especial las relativas al debido proceso y acceso a la justicia.<\/p>\n<p>&nbsp;<\/p>\n","protected":false},"excerpt":{"rendered":"<p>El Tribunal Superior de Justicia de la Ciudad de M\u00e9xico (TSJ CDMX) fortalece a\u00f1o con a\u00f1o la generaci\u00f3n de datos para evaluar su funci\u00f3n en sus distintas materias, con lo que se sientan las bases de una impartici\u00f3n y administraci\u00f3n de justicia orientada a la vigilancia de los derechos humanos que tutela, afirm\u00f3 el presidente del \u00f3rgano judicial, magistrado Edgar El\u00edas Azar.<\/p>\n","protected":false},"author":3,"featured_media":286945,"comment_status":"open","ping_status":"open","sticky":false,"template":"","format":"standard","meta":{"_monsterinsights_skip_tracking":false,"_monsterinsights_sitenote_active":false,"_monsterinsights_sitenote_note":"","_monsterinsights_sitenote_category":0,"footnotes":""},"categories":[6],"tags":[204,1925,49194,51325],"class_list":["post-286923","post","type-post","status-publish","format-standard","has-post-thumbnail","hentry","category-cd-de-mexico","tag-ciudad-de-mexico","tag-edgar-elias-azar","tag-tribunal-superior-de-justicia-de-la-ciudad-de-mexico","tag-tsjcdmx"],"_links":{"self":[{"href":"https:\/\/www.diarioimagen.net\/index.php?rest_route=\/wp\/v2\/posts\/286923","targetHints":{"allow":["GET"]}}],"collection":[{"href":"https:\/\/www.diarioimagen.net\/index.php?rest_route=\/wp\/v2\/posts"}],"about":[{"href":"https:\/\/www.diarioimagen.net\/index.php?rest_route=\/wp\/v2\/types\/post"}],"author":[{"embeddable":true,"href":"https:\/\/www.diarioimagen.net\/index.php?rest_route=\/wp\/v2\/users\/3"}],"replies":[{"embeddable":true,"href":"https:\/\/www.diarioimagen.net\/index.php?rest_route=%2Fwp%2Fv2%2Fcomments&post=286923"}],"version-history":[{"count":0,"href":"https:\/\/www.diarioimagen.net\/index.php?rest_route=\/wp\/v2\/posts\/286923\/revisions"}],"wp:featuredmedia":[{"embeddable":true,"href":"https:\/\/www.diarioimagen.net\/index.php?rest_route=\/wp\/v2\/media\/286945"}],"wp:attachment":[{"href":"https:\/\/www.diarioimagen.net\/index.php?rest_route=%2Fwp%2Fv2%2Fmedia&parent=286923"}],"wp:term":[{"taxonomy":"category","embeddable":true,"href":"https:\/\/www.diarioimagen.net\/index.php?rest_route=%2Fwp%2Fv2%2Fcategories&post=286923"},{"taxonomy":"post_tag","embeddable":true,"href":"https:\/\/www.diarioimagen.net\/index.php?rest_route=%2Fwp%2Fv2%2Ftags&post=286923"}],"curies":[{"name":"wp","href":"https:\/\/api.w.org\/{rel}","templated":true}]}}