{"id":286928,"date":"2016-09-01T00:07:44","date_gmt":"2016-09-01T05:07:44","guid":{"rendered":"http:\/\/www.diarioimagen.net\/?p=286928"},"modified":"2016-09-01T04:29:31","modified_gmt":"2016-09-01T09:29:31","slug":"jornada-multiple-de-servicios-para-adultos-mayores-en-nicolas-romero","status":"publish","type":"post","link":"https:\/\/www.diarioimagen.net\/?p=286928","title":{"rendered":"Jornada m\u00faltiple de servicios para adultos mayores en Nicol\u00e1s Romero"},"content":{"rendered":"<ul>\n<li><strong><em>Concluyen festejos<\/em><\/strong><\/li>\n<\/ul>\n<p>&nbsp;<\/p>\n<div id=\"attachment_286968\" style=\"width: 430px\" class=\"wp-caption aligncenter\"><a href=\"http:\/\/www.diarioimagen.net\/?attachment_id=286968\" rel=\"attachment wp-att-286968\"><img loading=\"lazy\" decoding=\"async\" aria-describedby=\"caption-attachment-286968\" class=\"size-large wp-image-286968\" src=\"http:\/\/www.diarioimagen.net\/wp-content\/uploads\/2016\/09\/NICOLAS-2945-420x236.jpg\" alt=\"Cientos de adultos mayores se reunieron en la explanada de La Plaza Estado de M\u00e9xico, de la colonia Libertad, para recoger su apoyo.\" width=\"420\" height=\"236\" srcset=\"https:\/\/www.diarioimagen.net\/wp-content\/uploads\/2016\/09\/NICOLAS-2945-420x236.jpg 420w, https:\/\/www.diarioimagen.net\/wp-content\/uploads\/2016\/09\/NICOLAS-2945-240x135.jpg 240w, https:\/\/www.diarioimagen.net\/wp-content\/uploads\/2016\/09\/NICOLAS-2945-235x132.jpg 235w, https:\/\/www.diarioimagen.net\/wp-content\/uploads\/2016\/09\/NICOLAS-2945-202x114.jpg 202w, https:\/\/www.diarioimagen.net\/wp-content\/uploads\/2016\/09\/NICOLAS-2945-350x196.jpg 350w, https:\/\/www.diarioimagen.net\/wp-content\/uploads\/2016\/09\/NICOLAS-2945-220x123.jpg 220w, https:\/\/www.diarioimagen.net\/wp-content\/uploads\/2016\/09\/NICOLAS-2945-237x132.jpg 237w, https:\/\/www.diarioimagen.net\/wp-content\/uploads\/2016\/09\/NICOLAS-2945.jpg 480w\" sizes=\"auto, (max-width: 420px) 100vw, 420px\" \/><\/a><p id=\"caption-attachment-286968\" class=\"wp-caption-text\">Cientos de adultos mayores se reunieron en la explanada de La Plaza Estado de M\u00e9xico, de la colonia Libertad, para recoger su apoyo.<\/p><\/div>\n<p>&nbsp;<\/p>\n<p><strong>Nicol\u00e1s Romero, Estado de M\u00e9xico<\/strong>.- Con m\u00f3dulos de Atenci\u00f3n Jur\u00eddica, Servicio de Empleo, Servicios M\u00e9dicos, Promoci\u00f3n de Talleres, Tr\u00e1mite de Testamentos, Masajes, Consejos y m\u00e1s, cientos de adultos mayores se reunieron en la explanada de La Plaza Estado de M\u00e9xico, de la colonia Libertad, para recibir los servicios de especialistas y recoger su apoyo del programa Adultos Mayores en las vertientes 60-69 y 70 y m\u00e1s.<\/p>\n<p>Adem\u00e1s, con el apoyo del Consejo Estatal de la Mujer y Bienestar Social del Gobierno del Estado de M\u00e9xico, jovencitas que pronto ser\u00e1n mam\u00e1s, recibieron el apoyo referente al programa de \u201cFuturo en Grande\u201d, el cual tiene como objetivo respaldar econ\u00f3micamente en la responsabilidad que en casi todos los casos son madres solteras y han abandonado los estudios por dedicarse a los cuidados de su beb\u00e9.<\/p>\n<p>Estos son los resultados que brinda un gobierno alineado desde la federaci\u00f3n del estado y el municipio; muestra de ello la presencia de Jos\u00e9 Cosmares Fuentes, secretario t\u00e9cnico del Gabinete Regional; Rosalba Gualito Casta\u00f1eda, coordinadora operativa del Consejo Estatal de la Mujer; Yolanda Engfuxi, delegada regional del mismo Instituto, y Marco Antonio Guti\u00e9rrez Alvarado, representante del gobernador Eruviel \u00c1vila Villegas en el municipio de Nicol\u00e1s Romero, mismos que acompa\u00f1aron en el evento a Angelina Carre\u00f1o Mijares, presidenta municipal, quien agradeci\u00f3 el respaldo del Ejecutivo estatal.<\/p>\n<p>La alcaldesa refiri\u00f3 la importancia de mantener un v\u00ednculo con la sociedad de manera directa, as\u00ed como el inter\u00e9s del gobierno federal, estatal y municipal en entregar cuentas a los ciudadanos mediante programas que resultan de la inversi\u00f3n de sus propios impuestos.<\/p>\n<p>&nbsp;<\/p>\n","protected":false},"excerpt":{"rendered":"<p>Con m\u00f3dulos de Atenci\u00f3n Jur\u00eddica, Servicio de Empleo, Servicios M\u00e9dicos, Promoci\u00f3n de Talleres, Tr\u00e1mite de Testamentos, Masajes, Consejos y m\u00e1s, cientos de adultos mayores se reunieron en la explanada de La Plaza Estado de M\u00e9xico, de la colonia Libertad, para recibir los servicios de especialistas y recoger su apoyo del programa Adultos Mayores en las vertientes 60-69 y 70 y m\u00e1s.<\/p>\n","protected":false},"author":3,"featured_media":286968,"comment_status":"open","ping_status":"open","sticky":false,"template":"","format":"standard","meta":{"_monsterinsights_skip_tracking":false,"_monsterinsights_sitenote_active":false,"_monsterinsights_sitenote_note":"","_monsterinsights_sitenote_category":0,"footnotes":""},"categories":[35155],"tags":[15930,43675,752],"class_list":["post-286928","post","type-post","status-publish","format-standard","has-post-thumbnail","hentry","category-estado-de-mexico-estado-de-mexico","tag-adultos-mayores","tag-estado-de-mexico","tag-nicolas-romero"],"_links":{"self":[{"href":"https:\/\/www.diarioimagen.net\/index.php?rest_route=\/wp\/v2\/posts\/286928","targetHints":{"allow":["GET"]}}],"collection":[{"href":"https:\/\/www.diarioimagen.net\/index.php?rest_route=\/wp\/v2\/posts"}],"about":[{"href":"https:\/\/www.diarioimagen.net\/index.php?rest_route=\/wp\/v2\/types\/post"}],"author":[{"embeddable":true,"href":"https:\/\/www.diarioimagen.net\/index.php?rest_route=\/wp\/v2\/users\/3"}],"replies":[{"embeddable":true,"href":"https:\/\/www.diarioimagen.net\/index.php?rest_route=%2Fwp%2Fv2%2Fcomments&post=286928"}],"version-history":[{"count":0,"href":"https:\/\/www.diarioimagen.net\/index.php?rest_route=\/wp\/v2\/posts\/286928\/revisions"}],"wp:featuredmedia":[{"embeddable":true,"href":"https:\/\/www.diarioimagen.net\/index.php?rest_route=\/wp\/v2\/media\/286968"}],"wp:attachment":[{"href":"https:\/\/www.diarioimagen.net\/index.php?rest_route=%2Fwp%2Fv2%2Fmedia&parent=286928"}],"wp:term":[{"taxonomy":"category","embeddable":true,"href":"https:\/\/www.diarioimagen.net\/index.php?rest_route=%2Fwp%2Fv2%2Fcategories&post=286928"},{"taxonomy":"post_tag","embeddable":true,"href":"https:\/\/www.diarioimagen.net\/index.php?rest_route=%2Fwp%2Fv2%2Ftags&post=286928"}],"curies":[{"name":"wp","href":"https:\/\/api.w.org\/{rel}","templated":true}]}}