{"id":287168,"date":"2016-09-02T00:04:18","date_gmt":"2016-09-02T05:04:18","guid":{"rendered":"http:\/\/www.diarioimagen.net\/?p=287168"},"modified":"2016-09-02T06:23:51","modified_gmt":"2016-09-02T11:23:51","slug":"reconocimiento-a-metepec-por-proyecto-de-sinfonica","status":"publish","type":"post","link":"https:\/\/www.diarioimagen.net\/?p=287168","title":{"rendered":"Reconocimiento a Metepec por proyecto de sinf\u00f3nica"},"content":{"rendered":"<ul>\n<li><em><strong>Menci\u00f3n honor\u00edfica por parte del IAPEM<\/strong><\/em><\/li>\n<\/ul>\n<p>&nbsp;<\/p>\n<div id=\"attachment_287264\" style=\"width: 430px\" class=\"wp-caption aligncenter\"><a href=\"http:\/\/www.diarioimagen.net\/?attachment_id=287264\" rel=\"attachment wp-att-287264\"><img loading=\"lazy\" decoding=\"async\" aria-describedby=\"caption-attachment-287264\" class=\"size-large wp-image-287264\" src=\"http:\/\/www.diarioimagen.net\/wp-content\/uploads\/2016\/09\/METEPEC-2946-420x236.jpg\" alt=\"El alcalde David L\u00f3pez C\u00e1rdenas fue reconocido por el Instituto de Administraci\u00f3n P\u00fablica del Estado de M\u00e9xico.\" width=\"420\" height=\"236\" srcset=\"https:\/\/www.diarioimagen.net\/wp-content\/uploads\/2016\/09\/METEPEC-2946-420x236.jpg 420w, https:\/\/www.diarioimagen.net\/wp-content\/uploads\/2016\/09\/METEPEC-2946-240x135.jpg 240w, https:\/\/www.diarioimagen.net\/wp-content\/uploads\/2016\/09\/METEPEC-2946-235x132.jpg 235w, https:\/\/www.diarioimagen.net\/wp-content\/uploads\/2016\/09\/METEPEC-2946-202x114.jpg 202w, https:\/\/www.diarioimagen.net\/wp-content\/uploads\/2016\/09\/METEPEC-2946-350x196.jpg 350w, https:\/\/www.diarioimagen.net\/wp-content\/uploads\/2016\/09\/METEPEC-2946-220x123.jpg 220w, https:\/\/www.diarioimagen.net\/wp-content\/uploads\/2016\/09\/METEPEC-2946-237x132.jpg 237w, https:\/\/www.diarioimagen.net\/wp-content\/uploads\/2016\/09\/METEPEC-2946.jpg 480w\" sizes=\"auto, (max-width: 420px) 100vw, 420px\" \/><\/a><p id=\"caption-attachment-287264\" class=\"wp-caption-text\">El alcalde David L\u00f3pez C\u00e1rdenas fue reconocido por el Instituto de Administraci\u00f3n P\u00fablica del Estado de M\u00e9xico.<\/p><\/div>\n<p>&nbsp;<\/p>\n<p><strong>Metepec, Estado de M\u00e9xico<\/strong>.-\u00a0Por el proyecto de la Orquesta Sinf\u00f3nica Infantil y Juvenil de Metepec, el municipio encabezado por el alcalde David L\u00f3pez C\u00e1rdenas fue reconocido por el Instituto de Administraci\u00f3n P\u00fablica del Estado de M\u00e9xico (IAPEM), con una menci\u00f3n honor\u00edfica a la Gesti\u00f3n Municipal 2016, en la categor\u00eda \u201cProgramas sociales que promueven el bienestar de los habitantes\u201d.<\/p>\n<p>En el marco de la trig\u00e9sima cuarta sesi\u00f3n ordinaria de cabildo, el presidente del IAPEM, Mauricio Vald\u00e9s Rodr\u00edguez, entreg\u00f3 el reconocimiento a los integrantes del cuerpo edilicio y aplaudi\u00f3 los logros que se han tenido en la presente administraci\u00f3n, \u201cmi reconocimiento a las decisiones que toman, que son \u00e9xito y que deben ser replicadas en otros ayuntamientos\u201d.<\/p>\n<p>El dise\u00f1o de propuesta para la conformaci\u00f3n de la Orquesta Sinf\u00f3nica Infantil y Juvenil de Metepec, a desarrollarse en el trienio 2016-2018, tiene como objetivo ofrecer educaci\u00f3n musical a ni\u00f1os y j\u00f3venes de entre 10 y 19 a\u00f1os, en riesgo de violencia, fomentando con ello principios como responsabilidad, disciplina, constancia y trabajo en equipo.<\/p>\n<p>&nbsp;<\/p>\n","protected":false},"excerpt":{"rendered":"<p>Por el proyecto de la Orquesta Sinf\u00f3nica Infantil y Juvenil de Metepec, el municipio encabezado por el alcalde David L\u00f3pez C\u00e1rdenas fue reconocido por el Instituto de Administraci\u00f3n P\u00fablica del Estado de M\u00e9xico (IAPEM), con una menci\u00f3n honor\u00edfica a la Gesti\u00f3n Municipal 2016, en la categor\u00eda \u201cProgramas sociales que promueven el bienestar de los habitantes\u201d.<\/p>\n","protected":false},"author":3,"featured_media":287264,"comment_status":"open","ping_status":"open","sticky":false,"template":"","format":"standard","meta":{"_monsterinsights_skip_tracking":false,"_monsterinsights_sitenote_active":false,"_monsterinsights_sitenote_note":"","_monsterinsights_sitenote_category":0,"footnotes":""},"categories":[35155],"tags":[43675,876],"class_list":["post-287168","post","type-post","status-publish","format-standard","has-post-thumbnail","hentry","category-estado-de-mexico-estado-de-mexico","tag-estado-de-mexico","tag-metepec"],"_links":{"self":[{"href":"https:\/\/www.diarioimagen.net\/index.php?rest_route=\/wp\/v2\/posts\/287168","targetHints":{"allow":["GET"]}}],"collection":[{"href":"https:\/\/www.diarioimagen.net\/index.php?rest_route=\/wp\/v2\/posts"}],"about":[{"href":"https:\/\/www.diarioimagen.net\/index.php?rest_route=\/wp\/v2\/types\/post"}],"author":[{"embeddable":true,"href":"https:\/\/www.diarioimagen.net\/index.php?rest_route=\/wp\/v2\/users\/3"}],"replies":[{"embeddable":true,"href":"https:\/\/www.diarioimagen.net\/index.php?rest_route=%2Fwp%2Fv2%2Fcomments&post=287168"}],"version-history":[{"count":0,"href":"https:\/\/www.diarioimagen.net\/index.php?rest_route=\/wp\/v2\/posts\/287168\/revisions"}],"wp:featuredmedia":[{"embeddable":true,"href":"https:\/\/www.diarioimagen.net\/index.php?rest_route=\/wp\/v2\/media\/287264"}],"wp:attachment":[{"href":"https:\/\/www.diarioimagen.net\/index.php?rest_route=%2Fwp%2Fv2%2Fmedia&parent=287168"}],"wp:term":[{"taxonomy":"category","embeddable":true,"href":"https:\/\/www.diarioimagen.net\/index.php?rest_route=%2Fwp%2Fv2%2Fcategories&post=287168"},{"taxonomy":"post_tag","embeddable":true,"href":"https:\/\/www.diarioimagen.net\/index.php?rest_route=%2Fwp%2Fv2%2Ftags&post=287168"}],"curies":[{"name":"wp","href":"https:\/\/api.w.org\/{rel}","templated":true}]}}