{"id":287175,"date":"2016-09-02T00:01:03","date_gmt":"2016-09-02T05:01:03","guid":{"rendered":"http:\/\/www.diarioimagen.net\/?p=287175"},"modified":"2016-09-02T06:26:50","modified_gmt":"2016-09-02T11:26:50","slug":"formalizan-imparticion-de-maestria-y-doctorado-en-derecho-parlamentario","status":"publish","type":"post","link":"https:\/\/www.diarioimagen.net\/?p=287175","title":{"rendered":"Formalizan impartici\u00f3n de maestr\u00eda y doctorado en derecho parlamentario"},"content":{"rendered":"<ul>\n<li><strong><em>Cruz Roa y Jorge Olvera firman convenio<\/em><\/strong><\/li>\n<\/ul>\n<p>&nbsp;<\/p>\n<div id=\"attachment_287268\" style=\"width: 430px\" class=\"wp-caption aligncenter\"><a href=\"http:\/\/www.diarioimagen.net\/?attachment_id=287268\" rel=\"attachment wp-att-287268\"><img loading=\"lazy\" decoding=\"async\" aria-describedby=\"caption-attachment-287268\" class=\"size-large wp-image-287268\" src=\"http:\/\/www.diarioimagen.net\/wp-content\/uploads\/2016\/09\/LEGISLATURA-2946-420x236.jpg\" alt=\"El rector de la UAEM, Jorge Olvera Garc\u00eda, y los diputados Cruz Roa S\u00e1nchez y Tassio Ram\u00edrez Hern\u00e1ndez firmaron el convenio.\" width=\"420\" height=\"236\" srcset=\"https:\/\/www.diarioimagen.net\/wp-content\/uploads\/2016\/09\/LEGISLATURA-2946-420x236.jpg 420w, https:\/\/www.diarioimagen.net\/wp-content\/uploads\/2016\/09\/LEGISLATURA-2946-240x135.jpg 240w, https:\/\/www.diarioimagen.net\/wp-content\/uploads\/2016\/09\/LEGISLATURA-2946-235x132.jpg 235w, https:\/\/www.diarioimagen.net\/wp-content\/uploads\/2016\/09\/LEGISLATURA-2946-202x114.jpg 202w, https:\/\/www.diarioimagen.net\/wp-content\/uploads\/2016\/09\/LEGISLATURA-2946-350x196.jpg 350w, https:\/\/www.diarioimagen.net\/wp-content\/uploads\/2016\/09\/LEGISLATURA-2946-220x123.jpg 220w, https:\/\/www.diarioimagen.net\/wp-content\/uploads\/2016\/09\/LEGISLATURA-2946-237x132.jpg 237w, https:\/\/www.diarioimagen.net\/wp-content\/uploads\/2016\/09\/LEGISLATURA-2946.jpg 480w\" sizes=\"auto, (max-width: 420px) 100vw, 420px\" \/><\/a><p id=\"caption-attachment-287268\" class=\"wp-caption-text\">El rector de la UAEM, Jorge Olvera Garc\u00eda, y los diputados Cruz Roa S\u00e1nchez y Tassio Ram\u00edrez Hern\u00e1ndez firmaron el convenio.<\/p><\/div>\n<p>&nbsp;<\/p>\n<p><strong>Toluca, Estado de M\u00e9xico<\/strong>.-La 59 Legislatura mexiquense, por medio de los diputados Cruz Roa S\u00e1nchez, presidente de la Junta de Coordinaci\u00f3n Pol\u00edtica (Jucopo), y Tassio Ram\u00edrez Hern\u00e1ndez, presidente de la Diputaci\u00f3n Permanente, y la Universidad Aut\u00f3noma del Estado de M\u00e9xico (UAEM), a trav\u00e9s de su rector Jorge Olvera Garc\u00eda, firmaron el Convenio de Estudios de Posgrado en Derecho Parlamentario en l\u00ednea, cuyo programa de doctorado es \u00fanico a nivel nacional.<\/p>\n<p>Reunidos en el sal\u00f3n \u201cGustavo Baz Prada\u201d del Edificio Central de Rector\u00eda, en presencia de las diputadas Aide Flores Delgado e Irazema Gonz\u00e1lez Mart\u00ednez Olivares, del PRI; Areli Hern\u00e1ndez Mart\u00ednez y el legislador V\u00edctor Hugo G\u00e1lvez Astorga, ambos del PAN, as\u00ed como el secretario t\u00e9cnico de la Jucopo, Omar Olvera Herreros, Cruz Roa y Jorge Olvera coincidieron en que la preparaci\u00f3n acad\u00e9mica es fundamental para el servicio p\u00fablico.<\/p>\n<p>El tambi\u00e9n coordinador del Grupo Parlamentario del PRI, ante \u00c1ngeles Mar\u00eda del Rosario P\u00e9rez Bernal, secretaria de Investigaci\u00f3n y Estudios Avanzados, e Inocenta P\u00e9rez Ortiz, directora de la Facultad de Derecho de la UAEM, resalt\u00f3 el \u201cgran binomio\u201d que forman la Legislatura estatal y la m\u00e1xima casa de estudios mexiquense, como lo demuestra este posgrado, en cuya maestr\u00eda se han inscrito 23 servidores p\u00fablicos y 39 en el doctorado.<\/p>\n<p>\u201cLa UAEM es la mejor instituci\u00f3n para ofrecer los posgrados en derecho parlamentario, prueba de ello es la vinculaci\u00f3n que ha tenido con diversas instituciones a nivel nacional e internacional para llevar a cabo este programa acad\u00e9mico\u201d, enfatiz\u00f3.<\/p>\n<p>Record\u00f3 que la 57 Legislatura estableci\u00f3 el programa de maestr\u00eda y la 59 Legislatura deja como gran legado la creaci\u00f3n del Doctorado en Derecho Parlamentario, aunado a que el convenio permite otorgar becas del 100 por ciento a los estudiantes.<\/p>\n<p>&nbsp;<\/p>\n","protected":false},"excerpt":{"rendered":"<p>La 59 Legislatura mexiquense, por medio de los diputados Cruz Roa S\u00e1nchez, presidente de la Junta de Coordinaci\u00f3n Pol\u00edtica (Jucopo), y Tassio Ram\u00edrez Hern\u00e1ndez, presidente de la Diputaci\u00f3n Permanente, y la Universidad Aut\u00f3noma del Estado de M\u00e9xico (UAEM), a trav\u00e9s de su rector Jorge Olvera Garc\u00eda, firmaron el Convenio de Estudios de Posgrado en Derecho Parlamentario en l\u00ednea, cuyo programa de doctorado es \u00fanico a nivel nacional.<\/p>\n","protected":false},"author":3,"featured_media":287268,"comment_status":"open","ping_status":"open","sticky":false,"template":"","format":"standard","meta":{"_monsterinsights_skip_tracking":false,"_monsterinsights_sitenote_active":false,"_monsterinsights_sitenote_note":"","_monsterinsights_sitenote_category":0,"footnotes":""},"categories":[35155],"tags":[43675,452,1490],"class_list":["post-287175","post","type-post","status-publish","format-standard","has-post-thumbnail","hentry","category-estado-de-mexico-estado-de-mexico","tag-estado-de-mexico","tag-toluca","tag-universidad-autonoma-del-estado-de-mexico"],"_links":{"self":[{"href":"https:\/\/www.diarioimagen.net\/index.php?rest_route=\/wp\/v2\/posts\/287175","targetHints":{"allow":["GET"]}}],"collection":[{"href":"https:\/\/www.diarioimagen.net\/index.php?rest_route=\/wp\/v2\/posts"}],"about":[{"href":"https:\/\/www.diarioimagen.net\/index.php?rest_route=\/wp\/v2\/types\/post"}],"author":[{"embeddable":true,"href":"https:\/\/www.diarioimagen.net\/index.php?rest_route=\/wp\/v2\/users\/3"}],"replies":[{"embeddable":true,"href":"https:\/\/www.diarioimagen.net\/index.php?rest_route=%2Fwp%2Fv2%2Fcomments&post=287175"}],"version-history":[{"count":0,"href":"https:\/\/www.diarioimagen.net\/index.php?rest_route=\/wp\/v2\/posts\/287175\/revisions"}],"wp:featuredmedia":[{"embeddable":true,"href":"https:\/\/www.diarioimagen.net\/index.php?rest_route=\/wp\/v2\/media\/287268"}],"wp:attachment":[{"href":"https:\/\/www.diarioimagen.net\/index.php?rest_route=%2Fwp%2Fv2%2Fmedia&parent=287175"}],"wp:term":[{"taxonomy":"category","embeddable":true,"href":"https:\/\/www.diarioimagen.net\/index.php?rest_route=%2Fwp%2Fv2%2Fcategories&post=287175"},{"taxonomy":"post_tag","embeddable":true,"href":"https:\/\/www.diarioimagen.net\/index.php?rest_route=%2Fwp%2Fv2%2Ftags&post=287175"}],"curies":[{"name":"wp","href":"https:\/\/api.w.org\/{rel}","templated":true}]}}