{"id":287200,"date":"2016-09-02T00:05:28","date_gmt":"2016-09-02T05:05:28","guid":{"rendered":"http:\/\/www.diarioimagen.net\/?p=287200"},"modified":"2016-09-04T22:53:16","modified_gmt":"2016-09-05T03:53:16","slug":"habra-descuentos-en-el-mes-del-testamento","status":"publish","type":"post","link":"https:\/\/www.diarioimagen.net\/?p=287200","title":{"rendered":"Habr\u00e1 descuentos en el mes del testamento"},"content":{"rendered":"<ul>\n<li><strong><em>Protecci\u00f3n del patrimonio familiar<\/em><\/strong><\/li>\n<\/ul>\n<p>&nbsp;<\/p>\n<div id=\"attachment_287242\" style=\"width: 430px\" class=\"wp-caption aligncenter\"><a href=\"http:\/\/www.diarioimagen.net\/?attachment_id=287242\" rel=\"attachment wp-att-287242\"><img loading=\"lazy\" decoding=\"async\" aria-describedby=\"caption-attachment-287242\" class=\"size-large wp-image-287242\" src=\"http:\/\/www.diarioimagen.net\/wp-content\/uploads\/2016\/09\/TESTAMENTO-2946-1-420x236.jpg\" alt=\"Se promueve entre la ciudadan\u00eda la importancia de hacer un testamento para proteger a la familia despu\u00e9s de fallecer.\" width=\"420\" height=\"236\" srcset=\"https:\/\/www.diarioimagen.net\/wp-content\/uploads\/2016\/09\/TESTAMENTO-2946-1-420x236.jpg 420w, https:\/\/www.diarioimagen.net\/wp-content\/uploads\/2016\/09\/TESTAMENTO-2946-1-240x135.jpg 240w, https:\/\/www.diarioimagen.net\/wp-content\/uploads\/2016\/09\/TESTAMENTO-2946-1-235x132.jpg 235w, https:\/\/www.diarioimagen.net\/wp-content\/uploads\/2016\/09\/TESTAMENTO-2946-1-202x114.jpg 202w, https:\/\/www.diarioimagen.net\/wp-content\/uploads\/2016\/09\/TESTAMENTO-2946-1-350x196.jpg 350w, https:\/\/www.diarioimagen.net\/wp-content\/uploads\/2016\/09\/TESTAMENTO-2946-1-220x123.jpg 220w, https:\/\/www.diarioimagen.net\/wp-content\/uploads\/2016\/09\/TESTAMENTO-2946-1-237x132.jpg 237w, https:\/\/www.diarioimagen.net\/wp-content\/uploads\/2016\/09\/TESTAMENTO-2946-1.jpg 480w\" sizes=\"auto, (max-width: 420px) 100vw, 420px\" \/><\/a><p id=\"caption-attachment-287242\" class=\"wp-caption-text\">Se promueve entre la ciudadan\u00eda la importancia de hacer un testamento para proteger a la familia despu\u00e9s de fallecer.<\/p><\/div>\n<p>&nbsp;<\/p>\n<p>En el marco del mes del testamento, que inici\u00f3 ayer en el pa\u00eds, las personas podr\u00e1n obtener asesor\u00edas, horario de atenci\u00f3n m\u00e1s amplio en las notar\u00edas y descuentos en el pago.<\/p>\n<p>El programa concluir\u00e1 el 30 de este mes y tiene como finalidad promover entre la ciudadan\u00eda la importancia de hacer un documento para proteger a la familia despu\u00e9s de fallecer.<\/p>\n<p>El testamento es un acto personal\u00edsimo, revocable y libre, por el cual una persona dispone de sus bienes y derechos, y declara o cumple deberes para despu\u00e9s de su muerte, indic\u00f3 la Secretar\u00eda de Gobernaci\u00f3n (Segob) a trav\u00e9s del blog del gobierno federal.<\/p>\n<p>Se\u00f1al\u00f3 que al dejar un testamento tambi\u00e9n se hereda tranquilidad a las familias, porque cuando existe no hay necesidad de pasar por un juicio sucesorio intestamentario que es caro, tedioso y largo.<\/p>\n<p>Al fallecer el testador, los bienes pasan m\u00e1s f\u00e1cilmente y de forma inmediata a las personas que el mismo testador quiera y en la proporci\u00f3n que \u00e9l mismo disponga, protegiendo con ello el patrimonio.<\/p>\n<p>Para hacer un testamento s\u00f3lo se requiere acudir con el notario, una identificaci\u00f3n oficial que manifieste a qu\u00e9 persona o personas quieren que pasen los bienes al morir y pagar los honorarios.<\/p>\n<p>En materia civil los testamentos se clasifican en ordinario y especial. Dentro del primero se encuentra el testamento P\u00fablico Abierto, el cual se otorga ante notario p\u00fablico, de conformidad con las disposiciones de las leyes de la materia.<\/p>\n<p>El Testamento P\u00fablico Cerrado puede ser escrito por el testador o por otra persona a su petici\u00f3n; la condici\u00f3n que deben cumplir es que el papel en que est\u00e9 redactado el testamento o el sobre que lo contenga, deber\u00e1 estar cerrado y sellado.<\/p>\n<p>En tanto, el P\u00fablico Simplificado es aqu\u00e9l en el cual en la misma escritura de adquisici\u00f3n de un inmueble destinado o que vaya a destinarse para vivienda, se establece a los herederos.<\/p>\n<p>El Ol\u00f3grafo debe ser escrito de pu\u00f1o y letra del testador; estos testamentos no producir\u00e1n efecto si no est\u00e1n depositados ante la autoridad competente que disponga la legislaci\u00f3n de la materia.<\/p>\n<p>Los testamentos especiales pueden ser privados y se hacen cuando el testador es atacado de una enfermedad tan violenta y grave que no le permita acudir ante el Notario P\u00fablico a hacer el testamento o no haya Notario P\u00fablico en la poblaci\u00f3n, o juez que act\u00fae por receptor\u00eda.<\/p>\n<p>&nbsp;<\/p>\n","protected":false},"excerpt":{"rendered":"<p>En el marco del mes del testamento, que inici\u00f3 ayer en el pa\u00eds, las personas podr\u00e1n obtener asesor\u00edas, horario de atenci\u00f3n m\u00e1s amplio en las notar\u00edas y descuentos en el pago.<\/p>\n","protected":false},"author":3,"featured_media":287242,"comment_status":"open","ping_status":"open","sticky":false,"template":"","format":"standard","meta":{"_monsterinsights_skip_tracking":false,"_monsterinsights_sitenote_active":false,"_monsterinsights_sitenote_note":"","_monsterinsights_sitenote_category":0,"footnotes":""},"categories":[3],"tags":[25335,1894,43673,50442],"class_list":["post-287200","post","type-post","status-publish","format-standard","has-post-thumbnail","hentry","category-nacional","tag-descuento","tag-gobierno-federal","tag-nacional","tag-testamento"],"_links":{"self":[{"href":"https:\/\/www.diarioimagen.net\/index.php?rest_route=\/wp\/v2\/posts\/287200","targetHints":{"allow":["GET"]}}],"collection":[{"href":"https:\/\/www.diarioimagen.net\/index.php?rest_route=\/wp\/v2\/posts"}],"about":[{"href":"https:\/\/www.diarioimagen.net\/index.php?rest_route=\/wp\/v2\/types\/post"}],"author":[{"embeddable":true,"href":"https:\/\/www.diarioimagen.net\/index.php?rest_route=\/wp\/v2\/users\/3"}],"replies":[{"embeddable":true,"href":"https:\/\/www.diarioimagen.net\/index.php?rest_route=%2Fwp%2Fv2%2Fcomments&post=287200"}],"version-history":[{"count":0,"href":"https:\/\/www.diarioimagen.net\/index.php?rest_route=\/wp\/v2\/posts\/287200\/revisions"}],"wp:featuredmedia":[{"embeddable":true,"href":"https:\/\/www.diarioimagen.net\/index.php?rest_route=\/wp\/v2\/media\/287242"}],"wp:attachment":[{"href":"https:\/\/www.diarioimagen.net\/index.php?rest_route=%2Fwp%2Fv2%2Fmedia&parent=287200"}],"wp:term":[{"taxonomy":"category","embeddable":true,"href":"https:\/\/www.diarioimagen.net\/index.php?rest_route=%2Fwp%2Fv2%2Fcategories&post=287200"},{"taxonomy":"post_tag","embeddable":true,"href":"https:\/\/www.diarioimagen.net\/index.php?rest_route=%2Fwp%2Fv2%2Ftags&post=287200"}],"curies":[{"name":"wp","href":"https:\/\/api.w.org\/{rel}","templated":true}]}}