{"id":287243,"date":"2016-09-02T00:02:00","date_gmt":"2016-09-02T05:02:00","guid":{"rendered":"http:\/\/www.diarioimagen.net\/?p=287243"},"modified":"2016-09-02T06:35:52","modified_gmt":"2016-09-02T11:35:52","slug":"entrega-dif-aula-al-kinder-federico-guillermo-froebel","status":"publish","type":"post","link":"https:\/\/www.diarioimagen.net\/?p=287243","title":{"rendered":"Entrega DIF aula al k\u00ednder Federico Guillermo Froebel"},"content":{"rendered":"<ul>\n<li><strong><em>Incrementan oferta educativa en Naucalpan<\/em><\/strong><\/li>\n<\/ul>\n<p>&nbsp;<\/p>\n<div id=\"attachment_287273\" style=\"width: 430px\" class=\"wp-caption aligncenter\"><a href=\"http:\/\/www.diarioimagen.net\/?attachment_id=287273\" rel=\"attachment wp-att-287273\"><img loading=\"lazy\" decoding=\"async\" aria-describedby=\"caption-attachment-287273\" class=\"size-large wp-image-287273\" src=\"http:\/\/www.diarioimagen.net\/wp-content\/uploads\/2016\/09\/NAUCALPAN-2946-420x236.jpg\" alt=\"El DIF Naucalpan rehabilit\u00f3 y entreg\u00f3 un aula m\u00e1s en el jard\u00edn de ni\u00f1os\u00a0 \u201cFederico Guillermo Froebel\u201d.\" width=\"420\" height=\"236\" srcset=\"https:\/\/www.diarioimagen.net\/wp-content\/uploads\/2016\/09\/NAUCALPAN-2946-420x236.jpg 420w, https:\/\/www.diarioimagen.net\/wp-content\/uploads\/2016\/09\/NAUCALPAN-2946-240x135.jpg 240w, https:\/\/www.diarioimagen.net\/wp-content\/uploads\/2016\/09\/NAUCALPAN-2946-768x432.jpg 768w, https:\/\/www.diarioimagen.net\/wp-content\/uploads\/2016\/09\/NAUCALPAN-2946-480x270.jpg 480w, https:\/\/www.diarioimagen.net\/wp-content\/uploads\/2016\/09\/NAUCALPAN-2946-235x132.jpg 235w, https:\/\/www.diarioimagen.net\/wp-content\/uploads\/2016\/09\/NAUCALPAN-2946-202x114.jpg 202w, https:\/\/www.diarioimagen.net\/wp-content\/uploads\/2016\/09\/NAUCALPAN-2946-350x196.jpg 350w, https:\/\/www.diarioimagen.net\/wp-content\/uploads\/2016\/09\/NAUCALPAN-2946-220x123.jpg 220w, https:\/\/www.diarioimagen.net\/wp-content\/uploads\/2016\/09\/NAUCALPAN-2946-237x132.jpg 237w, https:\/\/www.diarioimagen.net\/wp-content\/uploads\/2016\/09\/NAUCALPAN-2946.jpg 1200w\" sizes=\"auto, (max-width: 420px) 100vw, 420px\" \/><\/a><p id=\"caption-attachment-287273\" class=\"wp-caption-text\">El DIF Naucalpan rehabilit\u00f3 y entreg\u00f3 un aula m\u00e1s en el jard\u00edn de ni\u00f1os\u00a0 \u201cFederico Guillermo Froebel\u201d.<\/p><\/div>\n<p>&nbsp;<\/p>\n<p><strong>Naucalpan, Estado de M\u00e9xico<\/strong>.- El Sistema Municipal para el Desarrollo Integral de la Familia -DIF-, rehabilit\u00f3 y entreg\u00f3 un aula en el jard\u00edn de ni\u00f1os\u00a0 \u201cFederico Guillermo Froebel\u201d,\u00a0 la cual permite incrementar la oferta educativa del plantel.<\/p>\n<p>El aula, que se encuentra en la colonia Minas El Tecolote, permaneci\u00f3 en obra negra y abandonada desde la administraci\u00f3n pasada, toda vez que a la construcci\u00f3n le faltaban acabados, ventanales, pisos, puertas, aplanados, instalaci\u00f3n el\u00e9ctrica y mobiliario.<\/p>\n<p>A finales de enero de este a\u00f1o, la presidenta del Sistema Municipal DIF, Liliana de Olvera, al realizar un recorrido por el jard\u00edn de ni\u00f1os, se percat\u00f3 de las condiciones en que estaba la construcci\u00f3n, y gestion\u00f3 los recursos necesarios ante la actual administraci\u00f3n, para que la obra fuera terminada en beneficio de la comunidad.<\/p>\n<p>\u201cAnte la demanda educativa de preescolar de la zona, al edil Edgar Olvera y a m\u00ed en particular, nos caus\u00f3 preocupaci\u00f3n, y entonces pensamos en alternativas para jalar recursos de donde los hubiera para concluir esta obra, hoy vemos ese anhelo coronado con la terminaci\u00f3n e inauguraci\u00f3n de esta nueva aula\u201d, dijo Liliana de Olvera.<\/p>\n<p>A\u00f1adi\u00f3 que \u201csi hay algo que a todos los padres y madres nos mueve es el darles lo mejor a nuestros hijos, ofrecerles la educaci\u00f3n necesaria y la preparaci\u00f3n acad\u00e9mica, para que ellos formen parte de una generaci\u00f3n de naucalpenses con valores y capaces de formarse como personas de bien\u201d.<\/p>\n<p>Ante un centenar de padres de familia, Liliana de Olvera devel\u00f3 la placa\u00a0 de la nueva aula, acompa\u00f1ada de la regidora Alejandra Cuevas; el subdirector de Obras P\u00fablicas, Ricardo Salm\u00f3n; el director general del DIF Naucalpan, Armando Gordillo; el subdirector de Servicios Educativos del DIF, V\u00edctor Morales, y personal acad\u00e9mico y alumnos de la escuela.<\/p>\n<p>&nbsp;<\/p>\n","protected":false},"excerpt":{"rendered":"<p>El Sistema Municipal para el Desarrollo Integral de la Familia -DIF-, rehabilit\u00f3 y entreg\u00f3 un aula en el jard\u00edn de ni\u00f1os  \u201cFederico Guillermo Froebel\u201d,  la cual permite incrementar la oferta educativa del plantel.<\/p>\n","protected":false},"author":3,"featured_media":287273,"comment_status":"open","ping_status":"open","sticky":false,"template":"","format":"standard","meta":{"_monsterinsights_skip_tracking":false,"_monsterinsights_sitenote_active":false,"_monsterinsights_sitenote_note":"","_monsterinsights_sitenote_category":0,"footnotes":""},"categories":[35155],"tags":[2954,43675,5224,970],"class_list":["post-287243","post","type-post","status-publish","format-standard","has-post-thumbnail","hentry","category-estado-de-mexico-estado-de-mexico","tag-dif","tag-estado-de-mexico","tag-kinder","tag-naucalpan"],"_links":{"self":[{"href":"https:\/\/www.diarioimagen.net\/index.php?rest_route=\/wp\/v2\/posts\/287243","targetHints":{"allow":["GET"]}}],"collection":[{"href":"https:\/\/www.diarioimagen.net\/index.php?rest_route=\/wp\/v2\/posts"}],"about":[{"href":"https:\/\/www.diarioimagen.net\/index.php?rest_route=\/wp\/v2\/types\/post"}],"author":[{"embeddable":true,"href":"https:\/\/www.diarioimagen.net\/index.php?rest_route=\/wp\/v2\/users\/3"}],"replies":[{"embeddable":true,"href":"https:\/\/www.diarioimagen.net\/index.php?rest_route=%2Fwp%2Fv2%2Fcomments&post=287243"}],"version-history":[{"count":0,"href":"https:\/\/www.diarioimagen.net\/index.php?rest_route=\/wp\/v2\/posts\/287243\/revisions"}],"wp:featuredmedia":[{"embeddable":true,"href":"https:\/\/www.diarioimagen.net\/index.php?rest_route=\/wp\/v2\/media\/287273"}],"wp:attachment":[{"href":"https:\/\/www.diarioimagen.net\/index.php?rest_route=%2Fwp%2Fv2%2Fmedia&parent=287243"}],"wp:term":[{"taxonomy":"category","embeddable":true,"href":"https:\/\/www.diarioimagen.net\/index.php?rest_route=%2Fwp%2Fv2%2Fcategories&post=287243"},{"taxonomy":"post_tag","embeddable":true,"href":"https:\/\/www.diarioimagen.net\/index.php?rest_route=%2Fwp%2Fv2%2Ftags&post=287243"}],"curies":[{"name":"wp","href":"https:\/\/api.w.org\/{rel}","templated":true}]}}