{"id":287315,"date":"2016-09-03T15:33:26","date_gmt":"2016-09-03T20:33:26","guid":{"rendered":"http:\/\/www.diarioimagen.net\/?p=287315"},"modified":"2016-09-05T03:40:57","modified_gmt":"2016-09-05T08:40:57","slug":"ciudad-juarez-recibe-cenizas-de-juan-gabriel","status":"publish","type":"post","link":"https:\/\/www.diarioimagen.net\/?p=287315","title":{"rendered":"Ciudad Ju\u00e1rez recibe cenizas de Juan Gabriel"},"content":{"rendered":"<p><a href=\"http:\/\/www.diarioimagen.net\/?attachment_id=287316\" rel=\"attachment wp-att-287316\"><img loading=\"lazy\" decoding=\"async\" class=\"aligncenter size-large wp-image-287316\" src=\"http:\/\/www.diarioimagen.net\/wp-content\/uploads\/2016\/09\/Urna-420x236.jpg\" alt=\"Urna\" width=\"420\" height=\"236\" srcset=\"https:\/\/www.diarioimagen.net\/wp-content\/uploads\/2016\/09\/Urna-420x236.jpg 420w, https:\/\/www.diarioimagen.net\/wp-content\/uploads\/2016\/09\/Urna-240x135.jpg 240w, https:\/\/www.diarioimagen.net\/wp-content\/uploads\/2016\/09\/Urna-480x270.jpg 480w, https:\/\/www.diarioimagen.net\/wp-content\/uploads\/2016\/09\/Urna-235x132.jpg 235w, https:\/\/www.diarioimagen.net\/wp-content\/uploads\/2016\/09\/Urna-202x114.jpg 202w, https:\/\/www.diarioimagen.net\/wp-content\/uploads\/2016\/09\/Urna-350x196.jpg 350w, https:\/\/www.diarioimagen.net\/wp-content\/uploads\/2016\/09\/Urna-220x123.jpg 220w, https:\/\/www.diarioimagen.net\/wp-content\/uploads\/2016\/09\/Urna-237x132.jpg 237w, https:\/\/www.diarioimagen.net\/wp-content\/uploads\/2016\/09\/Urna.jpg 700w\" sizes=\"auto, (max-width: 420px) 100vw, 420px\" \/><\/a><\/p>\n<p>&nbsp;<\/p>\n<p>Entre m\u00fasica y porras por parte de una multitud de seguidores de Juan Gabriel, sus cenizas llegaron a Ciudad Ju\u00e1rez, procedentes de El Paso, Texas.\u00a0El cortejo estuvo encabezado por la familia del cantautor.<\/p>\n<p>Por la noche, el obispo de Ciudad Ju\u00e1rez, Jos\u00e9 Guadalupe Torres, ofici\u00f3 una misa.<\/p>\n<p>El gobierno de Chihuahua organiz\u00f3 una verbena popular en la que se espera la participaci\u00f3n de artistas como A\u00edda Cuevas y Juli\u00f3n \u00c1lvarez, as\u00ed como los coristas y el mariachi que acompa\u00f1\u00f3 al tambi\u00e9n llamado \u201cDivo de Ju\u00e1rez\u201d, en todos sus conciertos, varios de ellos hist\u00f3ricos, pues llen\u00f3 un centenar de ocasiones el Auditorio Nacional de la Ciudad de M\u00e9xico.<\/p>\n","protected":false},"excerpt":{"rendered":"<p>Entre m\u00fasica y porras por parte de una multitud de seguidores de Juan Gabriel, sus cenizas llegaron a Ciudad Ju\u00e1rez, procedentes de El Paso, Texas. El cortejo estuvo encabezado por la familia del cantautor. Por la noche, el obispo de Ciudad Ju\u00e1rez, Jos\u00e9 Guadalupe Torres, ofici\u00f3 una misa.<\/p>\n","protected":false},"author":1,"featured_media":287316,"comment_status":"open","ping_status":"open","sticky":false,"template":"","format":"standard","meta":{"_monsterinsights_skip_tracking":false,"_monsterinsights_sitenote_active":false,"_monsterinsights_sitenote_note":"","_monsterinsights_sitenote_category":0,"footnotes":""},"categories":[17,12],"tags":[53658,574,43682,4568],"class_list":["post-287315","post","type-post","status-publish","format-standard","has-post-thumbnail","hentry","category-especiales","category-espectaculos","tag-cenizas","tag-ciudad-juarez","tag-espectaculos","tag-juan-gabriel"],"_links":{"self":[{"href":"https:\/\/www.diarioimagen.net\/index.php?rest_route=\/wp\/v2\/posts\/287315","targetHints":{"allow":["GET"]}}],"collection":[{"href":"https:\/\/www.diarioimagen.net\/index.php?rest_route=\/wp\/v2\/posts"}],"about":[{"href":"https:\/\/www.diarioimagen.net\/index.php?rest_route=\/wp\/v2\/types\/post"}],"author":[{"embeddable":true,"href":"https:\/\/www.diarioimagen.net\/index.php?rest_route=\/wp\/v2\/users\/1"}],"replies":[{"embeddable":true,"href":"https:\/\/www.diarioimagen.net\/index.php?rest_route=%2Fwp%2Fv2%2Fcomments&post=287315"}],"version-history":[{"count":0,"href":"https:\/\/www.diarioimagen.net\/index.php?rest_route=\/wp\/v2\/posts\/287315\/revisions"}],"wp:featuredmedia":[{"embeddable":true,"href":"https:\/\/www.diarioimagen.net\/index.php?rest_route=\/wp\/v2\/media\/287316"}],"wp:attachment":[{"href":"https:\/\/www.diarioimagen.net\/index.php?rest_route=%2Fwp%2Fv2%2Fmedia&parent=287315"}],"wp:term":[{"taxonomy":"category","embeddable":true,"href":"https:\/\/www.diarioimagen.net\/index.php?rest_route=%2Fwp%2Fv2%2Fcategories&post=287315"},{"taxonomy":"post_tag","embeddable":true,"href":"https:\/\/www.diarioimagen.net\/index.php?rest_route=%2Fwp%2Fv2%2Ftags&post=287315"}],"curies":[{"name":"wp","href":"https:\/\/api.w.org\/{rel}","templated":true}]}}