{"id":287335,"date":"2016-09-04T14:01:16","date_gmt":"2016-09-04T19:01:16","guid":{"rendered":"http:\/\/www.diarioimagen.net\/?p=287335"},"modified":"2016-09-06T01:11:05","modified_gmt":"2016-09-06T06:11:05","slug":"promueve-la-seduc-cultura-de-paz-en-las-escuelas-mexiquenses","status":"publish","type":"post","link":"https:\/\/www.diarioimagen.net\/?p=287335","title":{"rendered":"Promueve la Seduc cultura de paz en las escuelas mexiquenses"},"content":{"rendered":"<ul>\n<li><em><strong>Ana Lilia Herrera toma protesta a tutores<\/strong><\/em><\/li>\n<\/ul>\n<p>&nbsp;<\/p>\n<p>&nbsp;<\/p>\n<div id=\"attachment_287336\" style=\"width: 430px\" class=\"wp-caption aligncenter\"><a href=\"http:\/\/www.diarioimagen.net\/?attachment_id=287336\" rel=\"attachment wp-att-287336\"><img loading=\"lazy\" decoding=\"async\" aria-describedby=\"caption-attachment-287336\" class=\"size-large wp-image-287336\" src=\"http:\/\/www.diarioimagen.net\/wp-content\/uploads\/2016\/09\/PAZ5-portal-420x245.jpg\" alt=\"La secretaria de Educaci\u00f3n, Ana Lilia Herrera, tom\u00f3 protesta a tutores que capacitar\u00e1n a docentes en soluci\u00f3n de conflictos.\" width=\"420\" height=\"245\" srcset=\"https:\/\/www.diarioimagen.net\/wp-content\/uploads\/2016\/09\/PAZ5-portal-420x245.jpg 420w, https:\/\/www.diarioimagen.net\/wp-content\/uploads\/2016\/09\/PAZ5-portal-240x140.jpg 240w, https:\/\/www.diarioimagen.net\/wp-content\/uploads\/2016\/09\/PAZ5-portal.jpg 480w\" sizes=\"auto, (max-width: 420px) 100vw, 420px\" \/><\/a><p id=\"caption-attachment-287336\" class=\"wp-caption-text\">La secretaria de Educaci\u00f3n, Ana Lilia Herrera, tom\u00f3 protesta a tutores que capacitar\u00e1n a docentes en soluci\u00f3n de conflictos.<\/p><\/div>\n<p>&nbsp;<\/p>\n<p>Tepotzotl\u00e1n, Mex.- Con el prop\u00f3sito de consolidar una cultura de paz en las escuelas p\u00fablicas y privadas del Estado de M\u00e9xico, la secretaria de Educaci\u00f3n, Ana Lilia Herrera Anzaldo, tom\u00f3 la protesta a 470 tutores que capacitar\u00e1n a m\u00e1s de 15 mil docentes en convivencia arm\u00f3nica y soluci\u00f3n de conflictos por la v\u00eda del di\u00e1logo, as\u00ed como protecci\u00f3n y conservaci\u00f3n del medio ambiente.<\/p>\n<p>En su mensaje, la titular de la Seduc destac\u00f3 el reconocimiento del gobernador Eruviel \u00c1vila Villegas a las maestras y los maestros mexiquenses, que dentro de su labor pedag\u00f3gica fomentan los valores humanos que los estudiantes aprenden en su casa y refuerzan en la escuela, en un trabajo conjunto con las autoridades, madres y padres de familia.<\/p>\n<p>Record\u00f3 que el gobierno del estado ha establecido una serie de acciones y programas para fomentar la conducta solidaria y respetuosa entre las y los alumnos y en breve ofrecer\u00e1 una beca \u00abJ\u00f3venes con valor\u00bb, que estimular\u00e1 a educandos de los niveles medio superior y superior que realicen gestiones en favor de su escuela, de sus compa\u00f1eros o de la comunidad en general.<\/p>\n<p>Tambi\u00e9n estar\u00e1 a disposici\u00f3n de estudiantes de tercer a\u00f1o de secundaria que est\u00e9n en riesgo de abandonar las aulas por razones econ\u00f3micas, la beca denominada \u00abel valor de permanecer\u00bb y que ser\u00e1 entregada a quienes los maestros consideren que lo necesitan.<\/p>\n<p>Ana Lilia Herrera indic\u00f3 que mediante el Programa de Convivencia Escolar Arm\u00f3nica m\u00e1s de 70 mil docentes, alumnos y jefes de familia han recibido capacitaci\u00f3n e informaci\u00f3n a trav\u00e9s de cursos, talleres, diplomados, conferencias y congresos, en el pasado Ciclo Escolar 2015-2016.<\/p>\n<p>En la ceremonia protocolaria realizada en un parque ecol\u00f3gico de este municipio, estuvieron presentes el alcalde \u00c1ngel Zuppa N\u00fa\u00f1ez, el subsecretario de Planeaci\u00f3n y Administraci\u00f3n, Rogelio Garc\u00eda Maldonado y el periodista especializado en temas de paz Fernando Montiel Izcare\u00f1o, representante en M\u00e9xico y Am\u00e9rica Latina del Instituto Johan Galtung, que lleva el nombre del ganador del Premio Nobel Alternativo de la Paz.<\/p>\n","protected":false},"excerpt":{"rendered":"<p>Con el prop\u00f3sito de consolidar una cultura de paz en las escuelas p\u00fablicas y privadas del Estado de M\u00e9xico, la secretaria de Educaci\u00f3n, Ana Lilia Herrera Anzaldo, tom\u00f3 la protesta a 470 tutores que capacitar\u00e1n a m\u00e1s de 15 mil docentes en convivencia arm\u00f3nica y soluci\u00f3n de conflictos por la v\u00eda del di\u00e1logo, as\u00ed como protecci\u00f3n y conservaci\u00f3n del medio ambiente.<\/p>\n","protected":false},"author":5,"featured_media":287336,"comment_status":"open","ping_status":"open","sticky":false,"template":"","format":"standard","meta":{"_monsterinsights_skip_tracking":false,"_monsterinsights_sitenote_active":false,"_monsterinsights_sitenote_note":"","_monsterinsights_sitenote_category":0,"footnotes":""},"categories":[35155],"tags":[53480,5828],"class_list":["post-287335","post","type-post","status-publish","format-standard","has-post-thumbnail","hentry","category-estado-de-mexico-estado-de-mexico","tag-ana-lilia-herrera-ansaldo","tag-eruviel-avila-villegas"],"_links":{"self":[{"href":"https:\/\/www.diarioimagen.net\/index.php?rest_route=\/wp\/v2\/posts\/287335","targetHints":{"allow":["GET"]}}],"collection":[{"href":"https:\/\/www.diarioimagen.net\/index.php?rest_route=\/wp\/v2\/posts"}],"about":[{"href":"https:\/\/www.diarioimagen.net\/index.php?rest_route=\/wp\/v2\/types\/post"}],"author":[{"embeddable":true,"href":"https:\/\/www.diarioimagen.net\/index.php?rest_route=\/wp\/v2\/users\/5"}],"replies":[{"embeddable":true,"href":"https:\/\/www.diarioimagen.net\/index.php?rest_route=%2Fwp%2Fv2%2Fcomments&post=287335"}],"version-history":[{"count":0,"href":"https:\/\/www.diarioimagen.net\/index.php?rest_route=\/wp\/v2\/posts\/287335\/revisions"}],"wp:featuredmedia":[{"embeddable":true,"href":"https:\/\/www.diarioimagen.net\/index.php?rest_route=\/wp\/v2\/media\/287336"}],"wp:attachment":[{"href":"https:\/\/www.diarioimagen.net\/index.php?rest_route=%2Fwp%2Fv2%2Fmedia&parent=287335"}],"wp:term":[{"taxonomy":"category","embeddable":true,"href":"https:\/\/www.diarioimagen.net\/index.php?rest_route=%2Fwp%2Fv2%2Fcategories&post=287335"},{"taxonomy":"post_tag","embeddable":true,"href":"https:\/\/www.diarioimagen.net\/index.php?rest_route=%2Fwp%2Fv2%2Ftags&post=287335"}],"curies":[{"name":"wp","href":"https:\/\/api.w.org\/{rel}","templated":true}]}}