{"id":287346,"date":"2016-09-05T00:07:45","date_gmt":"2016-09-05T05:07:45","guid":{"rendered":"http:\/\/www.diarioimagen.net\/?p=287346"},"modified":"2016-09-06T01:15:51","modified_gmt":"2016-09-06T06:15:51","slug":"ana-gabriel-daniela-romo-fernando-de-la-mora-y-pepe-aguilar-le-cantaran-a-juan-gabriel-en-bellas-artes","status":"publish","type":"post","link":"https:\/\/www.diarioimagen.net\/?p=287346","title":{"rendered":"Ana Gabriel, Daniela Romo, Fernando de la Mora y Pepe Aguilar le cantar\u00e1n a Juan Gabriel en Bellas Artes"},"content":{"rendered":"<ul>\n<li><strong><em>Conoce el recorrido del cortejo f\u00fanebre, as\u00ed como las medidas de seguridad; habr\u00e1 1,200 polic\u00edas resguardando el interior y exterior del Palacio de Bellas Artes<\/em><\/strong><strong><br \/>\n<\/strong><\/li>\n<\/ul>\n<h6><strong>Gloria Carpio<br \/>\n<\/strong><\/h6>\n<p>&nbsp;<\/p>\n<p>&nbsp;<\/p>\n<div id=\"attachment_287348\" style=\"width: 430px\" class=\"wp-caption aligncenter\"><a href=\"http:\/\/www.diarioimagen.net\/?attachment_id=287348\" rel=\"attachment wp-att-287348\"><img loading=\"lazy\" decoding=\"async\" aria-describedby=\"caption-attachment-287348\" class=\"size-large wp-image-287348\" src=\"http:\/\/www.diarioimagen.net\/wp-content\/uploads\/2016\/09\/cuatro-portal-420x245.jpg\" alt=\"En el homenaje a Bellas Artes le cantar\u00e1n al Divo de Ju\u00e1rez, Ana Gabriel, Fernando de la Mora, Daniela Romo, Pepe Aguilar, la Orquesta Sinf\u00f3nica del Estado de M\u00e9xico, los coros de Bellas Artes, tambi\u00e9n participar\u00e1 el Mariachi Gama Mil, los bailarines y coristas de Juan Gabriel.\" width=\"420\" height=\"245\" srcset=\"https:\/\/www.diarioimagen.net\/wp-content\/uploads\/2016\/09\/cuatro-portal-420x245.jpg 420w, https:\/\/www.diarioimagen.net\/wp-content\/uploads\/2016\/09\/cuatro-portal-240x140.jpg 240w, https:\/\/www.diarioimagen.net\/wp-content\/uploads\/2016\/09\/cuatro-portal.jpg 480w\" sizes=\"auto, (max-width: 420px) 100vw, 420px\" \/><\/a><p id=\"caption-attachment-287348\" class=\"wp-caption-text\">En el homenaje a Bellas Artes le cantar\u00e1n al <em>Divo de Ju\u00e1rez,<\/em> Ana Gabriel, Fernando de la Mora, Daniela Romo, Pepe Aguilar, la Orquesta Sinf\u00f3nica del Estado de M\u00e9xico, los coros de Bellas Artes, tambi\u00e9n participar\u00e1 el Mariachi Gama Mil, los bailarines y coristas de Juan Gabriel.<\/p><\/div>\n<p>&nbsp;<\/p>\n<p>La Ciudad de M\u00e9xico se prepara para recibir las cenizas de Juan Gabriel en punto de las 14:00 horas en el Aeropuerto Internacional de la Ciudad de M\u00e9xico, donde el tenor Fernando de la Mora cantar\u00e1 en el hangar, acompa\u00f1ado del Mariachi Gama Mil y donde se prev\u00e9 la asistencia de otros personas de la pol\u00edtica, cultura y espect\u00e1culos.<\/p>\n<p>En punto de las 15:00 horas se tiene previsto arriben las cenizas del cantautor a Bellas Artes y ser\u00e1 en la explanada donde le cantar\u00e1n al <em>Divo de Ju\u00e1rez,<\/em> Fernando de la Mora, Ana Gabriel, Daniela Romo, Pepe Aguilar, la Orquesta Sinf\u00f3nica del Estado de M\u00e9xico, los coros de Bellas Artes, tambi\u00e9n participar\u00e1 el Mariachi Gama Mil, los bailarines y coristas de Juan Gabriel. Se dice que habr\u00e1 12 pantallas que estar\u00e1n colocadas en la Alameda Central y en la explanada de Bellas Artes.<\/p>\n<p>Ante la alta concentraci\u00f3n de ciudadanos que se tiene previsto acudan al homenaje p\u00f3stumo al cantante Juan Gabriel, en el Palacio de Bellas Artes, la Polic\u00eda Federal y la Secretar\u00eda de Seguridad P\u00fablica capitalina pondr\u00e1n en marcha un dispositivo de vigilancia, movilidad y protecci\u00f3n civil.<\/p>\n<p>Se tiene previsto el despliegue de personal desde el arribo de la urna funeraria del cantante al Aeropuerto Internacional de la Ciudad de M\u00e9xico a las 14:00 horas. Tambi\u00e9n se prev\u00e9 el acompa\u00f1amiento durante su recorrido hasta el Palacio de Bellas Artes y la vigilancia durante los dos d\u00edas en los que se permitir\u00e1 el ingreso al recinto a miles de visitantes.<\/p>\n<p>Las instancias de seguridad recomendaron a los asistentes tomar previsiones a lo largo de la ruta del cortejo f\u00fanebre, la cual comprender\u00e1 vialidades, como el Circuito Interior, a la altura del Aeropuerto Internacional de la Ciudad de M\u00e9xico, Viaducto y el Eje Central L\u00e1zaro C\u00e1rdenas, hasta el cruce con la calle Hidalgo.<\/p>\n<p>Para quienes acudan al Palacio de las Bellas Artes se les sugiere tomar en cuenta llegar en transporte p\u00fablico y acordar con tus acompa\u00f1antes un punto de reuni\u00f3n (entre\u00a0las estaciones del Metro m\u00e1s cercanas est\u00e1n Bellas Artes, Garibaldi, Hidalgo, Ju\u00e1rez, Allende y San Juan de Letr\u00e1n). Acudir con zapatos y ropa c\u00f3moda, no llevar sombrillas, botellas de vidrio, tubos, palos u objetos punzocortantes. No asistir con maletas u objetos de gran tama\u00f1o. No llevar bebidas embriagantes, pirotecnia, aerosoles o material inflamable.<\/p>\n<p>Para cualquier denuncia o solicitud de apoyo, las autoridades federales y de la Ciudad de M\u00e9xico ponen a disposici\u00f3n de la ciudadan\u00eda sus canales de contacto ciudadano, como lo son los n\u00fameros telef\u00f3nicos 088 y 066 adem\u00e1s de sus redes sociales.<\/p>\n<p>El secretario de Seguridad P\u00fabica de la Ciudad de M\u00e9xico, Hiram Almeida, dijo que se pondr\u00e1 en marcha un dispositivo de seguridad y movilidad en las inmediaciones del Palacio de Bellas Artes con mil 200 polic\u00edas preventivos.<\/p>\n","protected":false},"excerpt":{"rendered":"<p>La Ciudad de M\u00e9xico se prepara para recibir las cenizas de Juan Gabriel en punto de las 14:00 horas en el Aeropuerto Internacional de la Ciudad de M\u00e9xico, donde el tenor Fernando de la Mora cantar\u00e1 en el hangar, acompa\u00f1ado del Mariachi Gama Mil y donde se prev\u00e9 la asistencia de otros personas de la pol\u00edtica, cultura y espect\u00e1culos.<\/p>\n","protected":false},"author":5,"featured_media":287348,"comment_status":"open","ping_status":"open","sticky":false,"template":"","format":"standard","meta":{"_monsterinsights_skip_tracking":false,"_monsterinsights_sitenote_active":false,"_monsterinsights_sitenote_note":"","_monsterinsights_sitenote_category":0,"footnotes":""},"categories":[17,12],"tags":[53545,1970,17340,2024,43682,11957,4568],"class_list":["post-287346","post","type-post","status-publish","format-standard","has-post-thumbnail","hentry","category-especiales","category-espectaculos","tag-alberto-aguilera-valadez","tag-ana-gabriel","tag-bellas-artes","tag-daniela-romo","tag-espectaculos","tag-fernando-de-la-mora","tag-juan-gabriel"],"_links":{"self":[{"href":"https:\/\/www.diarioimagen.net\/index.php?rest_route=\/wp\/v2\/posts\/287346","targetHints":{"allow":["GET"]}}],"collection":[{"href":"https:\/\/www.diarioimagen.net\/index.php?rest_route=\/wp\/v2\/posts"}],"about":[{"href":"https:\/\/www.diarioimagen.net\/index.php?rest_route=\/wp\/v2\/types\/post"}],"author":[{"embeddable":true,"href":"https:\/\/www.diarioimagen.net\/index.php?rest_route=\/wp\/v2\/users\/5"}],"replies":[{"embeddable":true,"href":"https:\/\/www.diarioimagen.net\/index.php?rest_route=%2Fwp%2Fv2%2Fcomments&post=287346"}],"version-history":[{"count":0,"href":"https:\/\/www.diarioimagen.net\/index.php?rest_route=\/wp\/v2\/posts\/287346\/revisions"}],"wp:featuredmedia":[{"embeddable":true,"href":"https:\/\/www.diarioimagen.net\/index.php?rest_route=\/wp\/v2\/media\/287348"}],"wp:attachment":[{"href":"https:\/\/www.diarioimagen.net\/index.php?rest_route=%2Fwp%2Fv2%2Fmedia&parent=287346"}],"wp:term":[{"taxonomy":"category","embeddable":true,"href":"https:\/\/www.diarioimagen.net\/index.php?rest_route=%2Fwp%2Fv2%2Fcategories&post=287346"},{"taxonomy":"post_tag","embeddable":true,"href":"https:\/\/www.diarioimagen.net\/index.php?rest_route=%2Fwp%2Fv2%2Ftags&post=287346"}],"curies":[{"name":"wp","href":"https:\/\/api.w.org\/{rel}","templated":true}]}}