{"id":287384,"date":"2016-09-05T00:05:49","date_gmt":"2016-09-05T05:05:49","guid":{"rendered":"http:\/\/www.diarioimagen.net\/?p=287384"},"modified":"2016-09-06T01:11:32","modified_gmt":"2016-09-06T06:11:32","slug":"derechos-de-personas-son-prioridad-elias-azar","status":"publish","type":"post","link":"https:\/\/www.diarioimagen.net\/?p=287384","title":{"rendered":"Derechos de personas son prioridad: El\u00edas Azar"},"content":{"rendered":"<ul>\n<li><strong><em>Frente a violaciones de empresas<\/em><\/strong><\/li>\n<\/ul>\n<p>&nbsp;<\/p>\n<div id=\"attachment_287489\" style=\"width: 430px\" class=\"wp-caption aligncenter\"><a href=\"http:\/\/www.diarioimagen.net\/?attachment_id=287489\" rel=\"attachment wp-att-287489\"><img loading=\"lazy\" decoding=\"async\" aria-describedby=\"caption-attachment-287489\" class=\"wp-image-287489 size-large\" src=\"http:\/\/www.diarioimagen.net\/wp-content\/uploads\/2016\/09\/edgar-elias-azar-2947-420x237.jpg\" alt=\"El presidente de la Conatrib, magistrado Edgar El\u00edas Azar, reafirm\u00f3 el compromiso de proteger a la sociedad frente a las violaciones cometidas por empresas.\" width=\"420\" height=\"237\" srcset=\"https:\/\/www.diarioimagen.net\/wp-content\/uploads\/2016\/09\/edgar-elias-azar-2947-420x237.jpg 420w, https:\/\/www.diarioimagen.net\/wp-content\/uploads\/2016\/09\/edgar-elias-azar-2947-240x135.jpg 240w, https:\/\/www.diarioimagen.net\/wp-content\/uploads\/2016\/09\/edgar-elias-azar-2947-480x270.jpg 480w, https:\/\/www.diarioimagen.net\/wp-content\/uploads\/2016\/09\/edgar-elias-azar-2947-235x132.jpg 235w, https:\/\/www.diarioimagen.net\/wp-content\/uploads\/2016\/09\/edgar-elias-azar-2947-202x114.jpg 202w, https:\/\/www.diarioimagen.net\/wp-content\/uploads\/2016\/09\/edgar-elias-azar-2947-220x123.jpg 220w, https:\/\/www.diarioimagen.net\/wp-content\/uploads\/2016\/09\/edgar-elias-azar-2947.jpg 600w\" sizes=\"auto, (max-width: 420px) 100vw, 420px\" \/><\/a><p id=\"caption-attachment-287489\" class=\"wp-caption-text\">El presidente de la Conatrib, magistrado Edgar El\u00edas Azar, reafirm\u00f3 el compromiso de proteger a la sociedad frente a las violaciones cometidas por empresas.<\/p><\/div>\n<p>&nbsp;<\/p>\n<p>A nombre de los 32 poderes judiciales locales del pa\u00eds, el presidente de la Comisi\u00f3n Nacional de Tribunales Superiores de Justicia de los Estados Unidos Mexicanos (Conatrib), magistrado Edgar El\u00edas Azar, reafirm\u00f3 el compromiso de la jurisdicci\u00f3n local de proteger a la sociedad frente a las violaciones de derechos humanos cometidas por empresas.<\/p>\n<p>As\u00ed lo plante\u00f3 el magistrado presidente durante una sesi\u00f3n de la Conatrib con integrantes del Grupo de Trabajo sobre la Cuesti\u00f3n de los Derechos Humanos y las Empresas Trasnacionales, de la Organizaci\u00f3n de las Naciones Unidas (ONU), donde enfatiz\u00f3 que los derechos de las personas son prioridad de todas las casas de justicia local del pa\u00eds.<\/p>\n<p>Mencion\u00f3 el caso de la contaminaci\u00f3n generada por empresas privadas en detrimento del medio ambiente; los megaproyectos que ponen en riesgo los derechos de pueblos ind\u00edgenas sobre sus tierras, y las formas de contrataci\u00f3n modernas como el <em>outsourcing<\/em>; temas, dijo, que conocen jueces y magistrados para el an\u00e1lisis de c\u00f3mo esos entes son capaces de violentar derechos humanos.<\/p>\n<p>En la Sala de Presidentes Mar\u00eda Lavalle Urbina, El\u00edas Azar agreg\u00f3 que la jurisdicci\u00f3n local est\u00e1 comprometida para hacer que las empresas faciliten el acceso de las v\u00edctimas a la restituci\u00f3n de sus derechos ante violaciones cometidas por \u00e9stas, y abund\u00f3 que el Estado, como garante de los derechos humanos, debe de crear los mecanismos adecuados y efectivos para cumplir plenamente con las obligaciones del pa\u00eds en la materia.<\/p>\n<p>Coment\u00f3 que las empresas, como personas morales, tienen la capacidad de violar derechos humanos, con lo que dejan en desprotecci\u00f3n, desigualdad y vulnerabilidad a las personas. Por tanto, dijo, la responsabilidad de restituir los derechos que han violentado est\u00e1 m\u00e1s vigente que nunca ante los problemas globales que afronta la comunidad internacional.<\/p>\n<p>El tambi\u00e9n presidente del Tribunal Superior de Justicia de la Ciudad de M\u00e9xico puntualiz\u00f3 que los \u00f3rganos jurisdiccionales quieren una justicia al alcance de todos y que responda a las realidades de los justiciables. Quieren las mejores soluciones para las personas, coment\u00f3.<\/p>\n<p>El\u00edas Azar dijo que M\u00e9xico sabe que una paz duradera s\u00f3lo se puede construir a partir del respeto y protecci\u00f3n de los derechos humanos. Esto se robustece, indic\u00f3, con la reforma constitucional en la materia de 2011, la cual obliga a todas las autoridades a resolver cada caso mediante la interpretaci\u00f3n que d\u00e9 mayor protecci\u00f3n para las personas y sus libertades.<\/p>\n<p>En la sesi\u00f3n de trabajo estuvieron Pavel Sulyandziga, presidente del Grupo de Trabajo sobre la Cuesti\u00f3n de los Derechos Humanos y las Empresas Trasnacionales de la ONU, as\u00ed como Dante Pesce Gonz\u00e1lez, experto e integrante de ese mismo grupo.<\/p>\n","protected":false},"excerpt":{"rendered":"<p>A nombre de los 32 poderes judiciales locales del pa\u00eds, el presidente de la Comisi\u00f3n Nacional de Tribunales Superiores de Justicia de los Estados Unidos Mexicanos (Conatrib), magistrado Edgar El\u00edas Azar, reafirm\u00f3 el compromiso de la jurisdicci\u00f3n local de proteger a la sociedad frente a las violaciones de derechos humanos cometidas por empresas.<\/p>\n","protected":false},"author":3,"featured_media":287489,"comment_status":"open","ping_status":"open","sticky":false,"template":"","format":"standard","meta":{"_monsterinsights_skip_tracking":false,"_monsterinsights_sitenote_active":false,"_monsterinsights_sitenote_note":"","_monsterinsights_sitenote_category":0,"footnotes":""},"categories":[6],"tags":[204,1925,617],"class_list":["post-287384","post","type-post","status-publish","format-standard","has-post-thumbnail","hentry","category-cd-de-mexico","tag-ciudad-de-mexico","tag-edgar-elias-azar","tag-onu"],"_links":{"self":[{"href":"https:\/\/www.diarioimagen.net\/index.php?rest_route=\/wp\/v2\/posts\/287384","targetHints":{"allow":["GET"]}}],"collection":[{"href":"https:\/\/www.diarioimagen.net\/index.php?rest_route=\/wp\/v2\/posts"}],"about":[{"href":"https:\/\/www.diarioimagen.net\/index.php?rest_route=\/wp\/v2\/types\/post"}],"author":[{"embeddable":true,"href":"https:\/\/www.diarioimagen.net\/index.php?rest_route=\/wp\/v2\/users\/3"}],"replies":[{"embeddable":true,"href":"https:\/\/www.diarioimagen.net\/index.php?rest_route=%2Fwp%2Fv2%2Fcomments&post=287384"}],"version-history":[{"count":0,"href":"https:\/\/www.diarioimagen.net\/index.php?rest_route=\/wp\/v2\/posts\/287384\/revisions"}],"wp:featuredmedia":[{"embeddable":true,"href":"https:\/\/www.diarioimagen.net\/index.php?rest_route=\/wp\/v2\/media\/287489"}],"wp:attachment":[{"href":"https:\/\/www.diarioimagen.net\/index.php?rest_route=%2Fwp%2Fv2%2Fmedia&parent=287384"}],"wp:term":[{"taxonomy":"category","embeddable":true,"href":"https:\/\/www.diarioimagen.net\/index.php?rest_route=%2Fwp%2Fv2%2Fcategories&post=287384"},{"taxonomy":"post_tag","embeddable":true,"href":"https:\/\/www.diarioimagen.net\/index.php?rest_route=%2Fwp%2Fv2%2Ftags&post=287384"}],"curies":[{"name":"wp","href":"https:\/\/api.w.org\/{rel}","templated":true}]}}