{"id":287386,"date":"2016-09-05T00:09:36","date_gmt":"2016-09-05T05:09:36","guid":{"rendered":"http:\/\/www.diarioimagen.net\/?p=287386"},"modified":"2016-09-05T07:52:04","modified_gmt":"2016-09-05T12:52:04","slug":"levantan-la-clausura-de-157-lineas-en-verificentros","status":"publish","type":"post","link":"https:\/\/www.diarioimagen.net\/?p=287386","title":{"rendered":"Levantan la clausura de 157 l\u00edneas en verificentros"},"content":{"rendered":"<ul>\n<li><strong><em>Cumplen con la calibraci\u00f3n de equipos<\/em><\/strong><\/li>\n<\/ul>\n<p>&nbsp;<\/p>\n<div id=\"attachment_287529\" style=\"width: 430px\" class=\"wp-caption aligncenter\"><a href=\"http:\/\/www.diarioimagen.net\/?attachment_id=287529\" rel=\"attachment wp-att-287529\"><img loading=\"lazy\" decoding=\"async\" aria-describedby=\"caption-attachment-287529\" class=\"size-large wp-image-287529\" src=\"http:\/\/www.diarioimagen.net\/wp-content\/uploads\/2016\/09\/VERIFICENTROS-2947-420x236.jpg\" alt=\"Tras cumplir con calibraci\u00f3n de equipos, levantaron la suspensi\u00f3n a 157 l\u00edneas de medici\u00f3n de emisiones en 37 verificentros de la Megal\u00f3polis.\" width=\"420\" height=\"236\" srcset=\"https:\/\/www.diarioimagen.net\/wp-content\/uploads\/2016\/09\/VERIFICENTROS-2947-420x236.jpg 420w, https:\/\/www.diarioimagen.net\/wp-content\/uploads\/2016\/09\/VERIFICENTROS-2947-240x135.jpg 240w, https:\/\/www.diarioimagen.net\/wp-content\/uploads\/2016\/09\/VERIFICENTROS-2947-235x132.jpg 235w, https:\/\/www.diarioimagen.net\/wp-content\/uploads\/2016\/09\/VERIFICENTROS-2947-202x114.jpg 202w, https:\/\/www.diarioimagen.net\/wp-content\/uploads\/2016\/09\/VERIFICENTROS-2947-350x196.jpg 350w, https:\/\/www.diarioimagen.net\/wp-content\/uploads\/2016\/09\/VERIFICENTROS-2947-220x123.jpg 220w, https:\/\/www.diarioimagen.net\/wp-content\/uploads\/2016\/09\/VERIFICENTROS-2947-237x132.jpg 237w, https:\/\/www.diarioimagen.net\/wp-content\/uploads\/2016\/09\/VERIFICENTROS-2947.jpg 480w\" sizes=\"auto, (max-width: 420px) 100vw, 420px\" \/><\/a><p id=\"caption-attachment-287529\" class=\"wp-caption-text\">Tras cumplir con calibraci\u00f3n de equipos, levantaron la suspensi\u00f3n a 157 l\u00edneas de medici\u00f3n de emisiones en 37 verificentros de la Megal\u00f3polis.<\/p><\/div>\n<p>&nbsp;<\/p>\n<p>La Profepa levant\u00f3 la suspensi\u00f3n a 157 l\u00edneas de medici\u00f3n de emisiones contaminantes en 37 verificentros de la Megal\u00f3polis, toda vez que cumplieron con la calibraci\u00f3n de sus equipos y acreditaron haber subsanado las irregularidades.<\/p>\n<p>Dichos equipos de medici\u00f3n deben cumplir con lo dispuesto en la Norma Emergente de Verificaci\u00f3n vehicular NOM-EM-167-SEMARNAT-2016, asegur\u00f3 la Procuradur\u00eda Federal de Protecci\u00f3n al Ambiente (Profepa) en un comunicado.<\/p>\n<p>Detall\u00f3 que a dos meses de haber iniciado el Programa de Inspecci\u00f3n a Unidades y Centros de Verificaci\u00f3n, ha visitado 226 verificentros, es decir, 54 por ciento de los 380 que operan en la Ciudad de M\u00e9xico y los estados de M\u00e9xico, Tlaxcala, Hidalgo, Puebla y Morelos.<\/p>\n<p>La dependencia record\u00f3 que desde que entr\u00f3 en vigor la NOM-EM-167 el 1 de julio pasado, la Profepa ha impuesto la clausura a 263 l\u00edneas de medici\u00f3n de emisiones contaminantes en 81 centros, de las cuales 103 no cumplen a\u00fan con las obligaciones previstas en la norma para poder entrar en operaci\u00f3n.<\/p>\n<p>Las clausuras levantadas corresponden a 50 l\u00edneas de 10 verificentros ubicados en la Ciudad de M\u00e9xico; 58 l\u00edneas de 13 en el Estado de M\u00e9xico y seis l\u00edneas en cuatro centros de Hidalgo.<\/p>\n<p>As\u00ed como 41 l\u00edneas en ocho verificentros de Puebla y dos l\u00edneas en el estado de Tlaxcala, ya que \u00e9stos han demostrado que cumplen con lo estipulado en la norma emergente en \u00e9l o los puntos por los que fueron intervenidos con la medida de seguridad correspondiente.<\/p>\n<p>Revel\u00f3 que al d\u00eda de hoy 42 centros de Verificaci\u00f3n de Morelos est\u00e1n cerrados por la suspensi\u00f3n del programa de verificaci\u00f3n vehicular obligatorio en este estado desde el pasado 1 de julio<\/p>\n<p>En tanto, 25 unidades de verificaci\u00f3n no operan en la Megal\u00f3polis por estar suspendidas por la Entidad Mexicana de Acreditaci\u00f3n o la Secretar\u00eda de Comunicaciones y Transportes (SCT).<\/p>\n<p>Record\u00f3 que a partir del 1 de julio de 2016, fecha en que entr\u00f3 en vigor la Norma Emergente NOM-EM-167-SEMARNAT en la Megal\u00f3polis, la Profepa ha sido un nuevo actor en el proceso de inspecci\u00f3n y vigilancia en los verificentros de esta \u00e1rea geogr\u00e1fica.<\/p>\n<p>&nbsp;<\/p>\n","protected":false},"excerpt":{"rendered":"<p>La Profepa levant\u00f3 la suspensi\u00f3n a 157 l\u00edneas de medici\u00f3n de emisiones contaminantes en 37 verificentros de la Megal\u00f3polis, toda vez que cumplieron con la calibraci\u00f3n de sus equipos y acreditaron haber subsanado las irregularidades.<\/p>\n","protected":false},"author":3,"featured_media":287529,"comment_status":"open","ping_status":"open","sticky":false,"template":"","format":"standard","meta":{"_monsterinsights_skip_tracking":false,"_monsterinsights_sitenote_active":false,"_monsterinsights_sitenote_note":"","_monsterinsights_sitenote_category":0,"footnotes":""},"categories":[6],"tags":[204,6731,50707,49394],"class_list":["post-287386","post","type-post","status-publish","format-standard","has-post-thumbnail","hentry","category-cd-de-mexico","tag-ciudad-de-mexico","tag-clausura","tag-levantan","tag-verificentros"],"_links":{"self":[{"href":"https:\/\/www.diarioimagen.net\/index.php?rest_route=\/wp\/v2\/posts\/287386","targetHints":{"allow":["GET"]}}],"collection":[{"href":"https:\/\/www.diarioimagen.net\/index.php?rest_route=\/wp\/v2\/posts"}],"about":[{"href":"https:\/\/www.diarioimagen.net\/index.php?rest_route=\/wp\/v2\/types\/post"}],"author":[{"embeddable":true,"href":"https:\/\/www.diarioimagen.net\/index.php?rest_route=\/wp\/v2\/users\/3"}],"replies":[{"embeddable":true,"href":"https:\/\/www.diarioimagen.net\/index.php?rest_route=%2Fwp%2Fv2%2Fcomments&post=287386"}],"version-history":[{"count":0,"href":"https:\/\/www.diarioimagen.net\/index.php?rest_route=\/wp\/v2\/posts\/287386\/revisions"}],"wp:featuredmedia":[{"embeddable":true,"href":"https:\/\/www.diarioimagen.net\/index.php?rest_route=\/wp\/v2\/media\/287529"}],"wp:attachment":[{"href":"https:\/\/www.diarioimagen.net\/index.php?rest_route=%2Fwp%2Fv2%2Fmedia&parent=287386"}],"wp:term":[{"taxonomy":"category","embeddable":true,"href":"https:\/\/www.diarioimagen.net\/index.php?rest_route=%2Fwp%2Fv2%2Fcategories&post=287386"},{"taxonomy":"post_tag","embeddable":true,"href":"https:\/\/www.diarioimagen.net\/index.php?rest_route=%2Fwp%2Fv2%2Ftags&post=287386"}],"curies":[{"name":"wp","href":"https:\/\/api.w.org\/{rel}","templated":true}]}}