{"id":287630,"date":"2016-09-06T00:06:02","date_gmt":"2016-09-06T05:06:02","guid":{"rendered":"http:\/\/www.diarioimagen.net\/?p=287630"},"modified":"2016-09-06T09:29:02","modified_gmt":"2016-09-06T14:29:02","slug":"impulsan-autoconsumo-para-abatir-la-pobreza-alimentaria-en-tultitlan","status":"publish","type":"post","link":"https:\/\/www.diarioimagen.net\/?p=287630","title":{"rendered":"Impulsan autoconsumo para abatir la pobreza alimentaria en Tultitl\u00e1n"},"content":{"rendered":"<ul>\n<li><strong><em>Programas en beneficio de la ciudadan\u00eda<\/em><\/strong><\/li>\n<\/ul>\n<p>&nbsp;<\/p>\n<div id=\"attachment_287719\" style=\"width: 430px\" class=\"wp-caption aligncenter\"><a href=\"http:\/\/www.diarioimagen.net\/?attachment_id=287719\" rel=\"attachment wp-att-287719\"><img loading=\"lazy\" decoding=\"async\" aria-describedby=\"caption-attachment-287719\" class=\"size-large wp-image-287719\" src=\"http:\/\/www.diarioimagen.net\/wp-content\/uploads\/2016\/09\/TULTITLAN-2948-420x236.jpg\" alt=\"El gobierno de Tultitl\u00e1n fomenta el autoconsumo para el abatimiento de la pobreza alimentaria.\" width=\"420\" height=\"236\" srcset=\"https:\/\/www.diarioimagen.net\/wp-content\/uploads\/2016\/09\/TULTITLAN-2948-420x236.jpg 420w, https:\/\/www.diarioimagen.net\/wp-content\/uploads\/2016\/09\/TULTITLAN-2948-240x135.jpg 240w, https:\/\/www.diarioimagen.net\/wp-content\/uploads\/2016\/09\/TULTITLAN-2948-235x132.jpg 235w, https:\/\/www.diarioimagen.net\/wp-content\/uploads\/2016\/09\/TULTITLAN-2948-202x114.jpg 202w, https:\/\/www.diarioimagen.net\/wp-content\/uploads\/2016\/09\/TULTITLAN-2948-350x196.jpg 350w, https:\/\/www.diarioimagen.net\/wp-content\/uploads\/2016\/09\/TULTITLAN-2948-220x123.jpg 220w, https:\/\/www.diarioimagen.net\/wp-content\/uploads\/2016\/09\/TULTITLAN-2948-237x132.jpg 237w, https:\/\/www.diarioimagen.net\/wp-content\/uploads\/2016\/09\/TULTITLAN-2948.jpg 480w\" sizes=\"auto, (max-width: 420px) 100vw, 420px\" \/><\/a><p id=\"caption-attachment-287719\" class=\"wp-caption-text\">El gobierno de Tultitl\u00e1n fomenta el autoconsumo para el abatimiento de la pobreza alimentaria.<\/p><\/div>\n<p>&nbsp;<\/p>\n<p><strong>Tultitl\u00e1n, Estado de M\u00e9xico<\/strong>.- Con el objetivo de contribuir a la econom\u00eda familiar, as\u00ed como con una sana alimentaci\u00f3n, el fomento al autoconsumo y el abatimiento a la pobreza alimentaria, \u00a0el gobierno municipal en colaboraci\u00f3n con el Sistema Municipal para el Desarrollo Integral de la Familia DIF, llevan a cabo diversos programas en beneficio de la ciudadan\u00eda.<\/p>\n<p>Tal es el caso del programa Horta DIF, el cual a decir de la titular del DIF local, fomenta la pr\u00e1ctica de actividades\u00a0 tendientes a la producci\u00f3n de alimentos para autoconsumo y comercializaci\u00f3n a trav\u00e9s de la entrega de insumos para el establecimiento de huertos familiares, comunitarios y proyectos productivos sustentables, que contribuyan al mejoramiento de la econom\u00eda y el acceso a los alimentos de miles de\u00a0 familias.<\/p>\n<p>Para acceder a Horta DIF, asegur\u00f3 debe de congregarse un grupo de 10 integrantes, las cuales \u00a0son capacitadas para sembrar lechuga, cilantro, br\u00f3coli, calabaza, coliflor, entre otras legumbres.<\/p>\n<p>Asimismo abund\u00f3 el sistema a su cargo entrega de manera bimestral una despensa a m\u00e1s de 2 mil familias tultitlenses, las cuales contienen lo suficientes alimentos para dicho lapso de tiempo.<\/p>\n<p>De igual manera la coordinadora del \u00e1rea de nutricionales, argument\u00f3 que anudado a Horta DIF y la entrega de despensas, el DIF Tultitl\u00e1n imparte talleres de cocina para la preparaci\u00f3n \u00a0de soya y que este alimento de f\u00e1cil acceso y bajo costo sea adicionado a la alimentaci\u00f3n familiar.<\/p>\n<p>Estos talleres abundaron, son impartidos de manera itinerante en las tres zonas del municipio y se otorgan a petici\u00f3n de los ciudadanos.<\/p>\n<p>\u201cEl programa Horta DIF, \u00a0es de gran ayuda porque puedo adquirir fruta y verdura en buen estado en el patio de mi casa, adem\u00e1s\u00a0 puedo obtener ganancias y ahorrarme un poco de dinero, agradezco las acciones por parte del gobierno municipal ahora si podr\u00e9 trabajar para el bienestar de mi familia\u201d, coment\u00f3 V\u00edctor Dom\u00ednguez, habitante de la Zona Sur del municipio y beneficiario de dicho programa.<\/p>\n<p>&nbsp;<\/p>\n","protected":false},"excerpt":{"rendered":"<p>Con el objetivo de contribuir a la econom\u00eda familiar, as\u00ed como con una sana alimentaci\u00f3n, el fomento al autoconsumo y el abatimiento a la pobreza alimentaria,  el gobierno municipal en colaboraci\u00f3n con el Sistema Municipal para el Desarrollo Integral de la Familia DIF, llevan a cabo diversos programas en beneficio de la ciudadan\u00eda.<\/p>\n","protected":false},"author":3,"featured_media":287719,"comment_status":"open","ping_status":"open","sticky":false,"template":"","format":"standard","meta":{"_monsterinsights_skip_tracking":false,"_monsterinsights_sitenote_active":false,"_monsterinsights_sitenote_note":"","_monsterinsights_sitenote_category":0,"footnotes":""},"categories":[5],"tags":[2954,43675,578],"class_list":["post-287630","post","type-post","status-publish","format-standard","has-post-thumbnail","hentry","category-estado-de-mexico","tag-dif","tag-estado-de-mexico","tag-tultitlan"],"_links":{"self":[{"href":"https:\/\/www.diarioimagen.net\/index.php?rest_route=\/wp\/v2\/posts\/287630","targetHints":{"allow":["GET"]}}],"collection":[{"href":"https:\/\/www.diarioimagen.net\/index.php?rest_route=\/wp\/v2\/posts"}],"about":[{"href":"https:\/\/www.diarioimagen.net\/index.php?rest_route=\/wp\/v2\/types\/post"}],"author":[{"embeddable":true,"href":"https:\/\/www.diarioimagen.net\/index.php?rest_route=\/wp\/v2\/users\/3"}],"replies":[{"embeddable":true,"href":"https:\/\/www.diarioimagen.net\/index.php?rest_route=%2Fwp%2Fv2%2Fcomments&post=287630"}],"version-history":[{"count":0,"href":"https:\/\/www.diarioimagen.net\/index.php?rest_route=\/wp\/v2\/posts\/287630\/revisions"}],"wp:featuredmedia":[{"embeddable":true,"href":"https:\/\/www.diarioimagen.net\/index.php?rest_route=\/wp\/v2\/media\/287719"}],"wp:attachment":[{"href":"https:\/\/www.diarioimagen.net\/index.php?rest_route=%2Fwp%2Fv2%2Fmedia&parent=287630"}],"wp:term":[{"taxonomy":"category","embeddable":true,"href":"https:\/\/www.diarioimagen.net\/index.php?rest_route=%2Fwp%2Fv2%2Fcategories&post=287630"},{"taxonomy":"post_tag","embeddable":true,"href":"https:\/\/www.diarioimagen.net\/index.php?rest_route=%2Fwp%2Fv2%2Ftags&post=287630"}],"curies":[{"name":"wp","href":"https:\/\/api.w.org\/{rel}","templated":true}]}}