{"id":287632,"date":"2016-09-06T00:05:18","date_gmt":"2016-09-06T05:05:18","guid":{"rendered":"http:\/\/www.diarioimagen.net\/?p=287632"},"modified":"2016-09-06T07:00:42","modified_gmt":"2016-09-06T12:00:42","slug":"inician-censo-de-alumbrado-publico-en-cuautitlan-izcalli","status":"publish","type":"post","link":"https:\/\/www.diarioimagen.net\/?p=287632","title":{"rendered":"Inician censo de alumbrado p\u00fablico en Cuautitl\u00e1n Izcalli"},"content":{"rendered":"<p><a href=\"http:\/\/www.diarioimagen.net\/?attachment_id=287722\" rel=\"attachment wp-att-287722\"><img loading=\"lazy\" decoding=\"async\" class=\"aligncenter size-large wp-image-287722\" src=\"http:\/\/www.diarioimagen.net\/wp-content\/uploads\/2016\/09\/CUAUTITLAN-2948-420x236.jpg\" alt=\"CUAUTITLAN-2948\" width=\"420\" height=\"236\" srcset=\"https:\/\/www.diarioimagen.net\/wp-content\/uploads\/2016\/09\/CUAUTITLAN-2948-420x236.jpg 420w, https:\/\/www.diarioimagen.net\/wp-content\/uploads\/2016\/09\/CUAUTITLAN-2948-240x135.jpg 240w, https:\/\/www.diarioimagen.net\/wp-content\/uploads\/2016\/09\/CUAUTITLAN-2948-235x132.jpg 235w, https:\/\/www.diarioimagen.net\/wp-content\/uploads\/2016\/09\/CUAUTITLAN-2948-202x114.jpg 202w, https:\/\/www.diarioimagen.net\/wp-content\/uploads\/2016\/09\/CUAUTITLAN-2948-350x196.jpg 350w, https:\/\/www.diarioimagen.net\/wp-content\/uploads\/2016\/09\/CUAUTITLAN-2948-220x123.jpg 220w, https:\/\/www.diarioimagen.net\/wp-content\/uploads\/2016\/09\/CUAUTITLAN-2948-237x132.jpg 237w, https:\/\/www.diarioimagen.net\/wp-content\/uploads\/2016\/09\/CUAUTITLAN-2948.jpg 480w\" sizes=\"auto, (max-width: 420px) 100vw, 420px\" \/><\/a><\/p>\n<p>&nbsp;<\/p>\n<p><strong>Cuautitl\u00e1n Izcalli, Estado de M\u00e9xico.-<\/strong> El presidente municipal de esta demarcaci\u00f3n V\u00edctor Estrada, y personal de la CFE Nacional , iniciaron los trabajos del Censo de Alumbrado P\u00fablico, C\u00e1maras de Seguridad y Sem\u00e1foros, dando m\u00e1s adelante el banderazo de salida a los camiones que recorrer\u00e1n la comunidad para hacer diagn\u00f3stico de luminarias.<\/p>\n","protected":false},"excerpt":{"rendered":"<p>El presidente municipal de esta demarcaci\u00f3n V\u00edctor Estrada, y personal de la CFE Nacional , iniciaron los trabajos del Censo de Alumbrado P\u00fablico, C\u00e1maras de Seguridad y Sem\u00e1foros, dando m\u00e1s adelante el banderazo de salida a los camiones que recorrer\u00e1n la comunidad para hacer diagn\u00f3stico de luminarias.<\/p>\n","protected":false},"author":3,"featured_media":287722,"comment_status":"open","ping_status":"open","sticky":false,"template":"","format":"standard","meta":{"_monsterinsights_skip_tracking":false,"_monsterinsights_sitenote_active":false,"_monsterinsights_sitenote_note":"","_monsterinsights_sitenote_category":0,"footnotes":""},"categories":[35155],"tags":[139,971,43675],"class_list":["post-287632","post","type-post","status-publish","format-standard","has-post-thumbnail","hentry","category-estado-de-mexico-estado-de-mexico","tag-cfe","tag-cuautitlan-izcalli","tag-estado-de-mexico"],"_links":{"self":[{"href":"https:\/\/www.diarioimagen.net\/index.php?rest_route=\/wp\/v2\/posts\/287632","targetHints":{"allow":["GET"]}}],"collection":[{"href":"https:\/\/www.diarioimagen.net\/index.php?rest_route=\/wp\/v2\/posts"}],"about":[{"href":"https:\/\/www.diarioimagen.net\/index.php?rest_route=\/wp\/v2\/types\/post"}],"author":[{"embeddable":true,"href":"https:\/\/www.diarioimagen.net\/index.php?rest_route=\/wp\/v2\/users\/3"}],"replies":[{"embeddable":true,"href":"https:\/\/www.diarioimagen.net\/index.php?rest_route=%2Fwp%2Fv2%2Fcomments&post=287632"}],"version-history":[{"count":0,"href":"https:\/\/www.diarioimagen.net\/index.php?rest_route=\/wp\/v2\/posts\/287632\/revisions"}],"wp:featuredmedia":[{"embeddable":true,"href":"https:\/\/www.diarioimagen.net\/index.php?rest_route=\/wp\/v2\/media\/287722"}],"wp:attachment":[{"href":"https:\/\/www.diarioimagen.net\/index.php?rest_route=%2Fwp%2Fv2%2Fmedia&parent=287632"}],"wp:term":[{"taxonomy":"category","embeddable":true,"href":"https:\/\/www.diarioimagen.net\/index.php?rest_route=%2Fwp%2Fv2%2Fcategories&post=287632"},{"taxonomy":"post_tag","embeddable":true,"href":"https:\/\/www.diarioimagen.net\/index.php?rest_route=%2Fwp%2Fv2%2Ftags&post=287632"}],"curies":[{"name":"wp","href":"https:\/\/api.w.org\/{rel}","templated":true}]}}