{"id":287651,"date":"2016-09-06T00:02:20","date_gmt":"2016-09-06T05:02:20","guid":{"rendered":"http:\/\/www.diarioimagen.net\/?p=287651"},"modified":"2016-09-07T00:16:57","modified_gmt":"2016-09-07T05:16:57","slug":"la-cdmx-de-las-mas-eficaces-en-tecnologia","status":"publish","type":"post","link":"https:\/\/www.diarioimagen.net\/?p=287651","title":{"rendered":"La CDMX, de las m\u00e1s eficaces en tecnolog\u00eda"},"content":{"rendered":"<ul>\n<li><strong><em>A nivel Am\u00e9rica Latina<\/em><\/strong><\/li>\n<\/ul>\n<p>&nbsp;<\/p>\n<div id=\"attachment_287747\" style=\"width: 430px\" class=\"wp-caption aligncenter\"><a href=\"http:\/\/www.diarioimagen.net\/?attachment_id=287747\" rel=\"attachment wp-att-287747\"><img loading=\"lazy\" decoding=\"async\" aria-describedby=\"caption-attachment-287747\" class=\"size-large wp-image-287747\" src=\"http:\/\/www.diarioimagen.net\/wp-content\/uploads\/2016\/09\/cdmx-2948-420x280.jpg\" alt=\"En el tema de seguridad, la Ciudad de M\u00e9xico cuenta con 22 mil c\u00e1maras de vigilancia.\" width=\"420\" height=\"280\" srcset=\"https:\/\/www.diarioimagen.net\/wp-content\/uploads\/2016\/09\/cdmx-2948-420x280.jpg 420w, https:\/\/www.diarioimagen.net\/wp-content\/uploads\/2016\/09\/cdmx-2948-240x160.jpg 240w, https:\/\/www.diarioimagen.net\/wp-content\/uploads\/2016\/09\/cdmx-2948.jpg 700w\" sizes=\"auto, (max-width: 420px) 100vw, 420px\" \/><\/a><p id=\"caption-attachment-287747\" class=\"wp-caption-text\">En el tema de seguridad, la Ciudad de M\u00e9xico cuenta con 22 mil c\u00e1maras de vigilancia.<\/p><\/div>\n<p>&nbsp;<\/p>\n<p>El secretario de Desarrollo Econ\u00f3mico capitalino, Salom\u00f3n Chertorivski Woldenberg, destac\u00f3 que la capital del pa\u00eds es una de las ciudades m\u00e1s eficaces en Am\u00e9rica Latina en usar la tecnolog\u00eda, en la que destaca el tema de seguridad, \u00e1rea en la que cuentan con 22 mil c\u00e1maras de vigilancia.<\/p>\n<p>Al inaugurar el Foro Ciudades Digitales y del Conocimiento, dijo que la meta es avanzar y consolidar a la Ciudad de M\u00e9xico en el rubro tecnol\u00f3gico y hacer una sola agenda para los siguientes 30 a\u00f1os que quede plasmada en la constituci\u00f3n y dejar claros los pasos a seguir.<\/p>\n<p>\u201cLa columna vertebral es la conectividad con ancho de banda suficiente, y la conectividad es responsabilidad del gobierno, poner las reglas para invertir y aprovechar la tecnolog\u00eda\u201d.<\/p>\n<p>Lograr como en Corea, que en todos lo hogares tengan banda ancha sin importar el barrio. \u201cSi hoy estamos viviendo quiz\u00e1s el momento m\u00e1s desigual en el pa\u00eds, de no avanzar en la conectividad, vamos a ampliar la brecha mas dolorosa\u201d.<\/p>\n<p>A su vez, Amalia Garc\u00eda Medina, secretaria del Trabajo y Fomento al Empleo capitalina, admiti\u00f3 que M\u00e9xico es uno de los pa\u00edses que tienen menor gasto en innovaci\u00f3n de acuerdo a la Organizaci\u00f3n para la Cooperaci\u00f3n y el Desarrollo Econ\u00f3micos (OCDE), \u201csi queremos competitividad, necesitamos innovaci\u00f3n tecnol\u00f3gica\u201d.<\/p>\n<p>En este marco, refiri\u00f3 que el 8 de septiembre, el presidente Enrique Pe\u00f1a Nieto presentar\u00e1 su propuesta de presupuesto a la naci\u00f3n, \u201csabemos que habr\u00e1 recortes, pero si queremos que M\u00e9xico tenga un papel muy importante en innovaci\u00f3n, se requiere avanzar en la innovaci\u00f3n de recursos\u201d.<\/p>\n<p>\u201cHay dos v\u00edas para la competencia en el mundo, abaratando los costos laborales es decir bajos salarios o invirtiendo en desarrollo tecnol\u00f3gico, y la primera, no debe ser la opci\u00f3n\u201d, resalt\u00f3.<\/p>\n<p>En el auditorio Museo Rufino Tamayo inst\u00f3 a generar mejores salarios, trabajo y salario dignos, sin embargo, \u201cno podemos tener mejores salarios si no se accede a mayor conocimiento e innovaci\u00f3n\u201d.<\/p>\n<p>En este \u00e1mbito, mencion\u00f3 que en la Ciudad de M\u00e9xico se realizan programas para que miles de trabajadores puedan hacer \u201chome office\u201d, es decir, trabajar desde sus casas y eficientar su desempe\u00f1o y cotidianidad.<\/p>\n<p>Asimismo, mencion\u00f3 que el gobierno de la ciudad, busca impulsar la formaci\u00f3n de cooperativas para j\u00f3venes en el \u00e1rea de conocimiento, como la elaboraci\u00f3n de software por mencionar alg\u00fan caso.<\/p>\n<p>&nbsp;<\/p>\n","protected":false},"excerpt":{"rendered":"<p>El secretario de Desarrollo Econ\u00f3mico capitalino, Salom\u00f3n Chertorivski Woldenberg, destac\u00f3 que la capital del pa\u00eds es una de las ciudades m\u00e1s eficaces en Am\u00e9rica Latina en usar la tecnolog\u00eda, en la que destaca el tema de seguridad, \u00e1rea en la que cuentan con 22 mil c\u00e1maras de vigilancia.<\/p>\n","protected":false},"author":3,"featured_media":287747,"comment_status":"open","ping_status":"open","sticky":false,"template":"","format":"standard","meta":{"_monsterinsights_skip_tracking":false,"_monsterinsights_sitenote_active":false,"_monsterinsights_sitenote_note":"","_monsterinsights_sitenote_category":0,"footnotes":""},"categories":[6],"tags":[204,4149],"class_list":["post-287651","post","type-post","status-publish","format-standard","has-post-thumbnail","hentry","category-cd-de-mexico","tag-ciudad-de-mexico","tag-tecnologia"],"_links":{"self":[{"href":"https:\/\/www.diarioimagen.net\/index.php?rest_route=\/wp\/v2\/posts\/287651","targetHints":{"allow":["GET"]}}],"collection":[{"href":"https:\/\/www.diarioimagen.net\/index.php?rest_route=\/wp\/v2\/posts"}],"about":[{"href":"https:\/\/www.diarioimagen.net\/index.php?rest_route=\/wp\/v2\/types\/post"}],"author":[{"embeddable":true,"href":"https:\/\/www.diarioimagen.net\/index.php?rest_route=\/wp\/v2\/users\/3"}],"replies":[{"embeddable":true,"href":"https:\/\/www.diarioimagen.net\/index.php?rest_route=%2Fwp%2Fv2%2Fcomments&post=287651"}],"version-history":[{"count":0,"href":"https:\/\/www.diarioimagen.net\/index.php?rest_route=\/wp\/v2\/posts\/287651\/revisions"}],"wp:featuredmedia":[{"embeddable":true,"href":"https:\/\/www.diarioimagen.net\/index.php?rest_route=\/wp\/v2\/media\/287747"}],"wp:attachment":[{"href":"https:\/\/www.diarioimagen.net\/index.php?rest_route=%2Fwp%2Fv2%2Fmedia&parent=287651"}],"wp:term":[{"taxonomy":"category","embeddable":true,"href":"https:\/\/www.diarioimagen.net\/index.php?rest_route=%2Fwp%2Fv2%2Fcategories&post=287651"},{"taxonomy":"post_tag","embeddable":true,"href":"https:\/\/www.diarioimagen.net\/index.php?rest_route=%2Fwp%2Fv2%2Ftags&post=287651"}],"curies":[{"name":"wp","href":"https:\/\/api.w.org\/{rel}","templated":true}]}}