{"id":287782,"date":"2016-09-07T00:04:14","date_gmt":"2016-09-07T05:04:14","guid":{"rendered":"http:\/\/www.diarioimagen.net\/?p=287782"},"modified":"2016-09-08T00:43:36","modified_gmt":"2016-09-08T05:43:36","slug":"presenta-eruviel-avila-estrategia-para-combatir-inseguridad-en-8-municipios","status":"publish","type":"post","link":"https:\/\/www.diarioimagen.net\/?p=287782","title":{"rendered":"Presentan nueva estrategia para combatir inseguridad"},"content":{"rendered":"<ul>\n<li><strong><em>Se aplicar\u00e1 en 8 municipios con mayores \u00edndices delictivos: Eruviel \u00c1vila<\/em> <\/strong><\/li>\n<\/ul>\n<p>&nbsp;<\/p>\n<div id=\"attachment_287783\" style=\"width: 430px\" class=\"wp-caption aligncenter\"><a href=\"http:\/\/www.diarioimagen.net\/?attachment_id=287783\" rel=\"attachment wp-att-287783\"><img loading=\"lazy\" decoding=\"async\" aria-describedby=\"caption-attachment-287783\" class=\"size-large wp-image-287783\" src=\"http:\/\/www.diarioimagen.net\/wp-content\/uploads\/2016\/09\/ERUVIEL7-portal-420x245.jpg\" alt=\"Eruviel \u00c1vila Villegas inform\u00f3 que se emprender\u00e1 un nuevo esquema de trabajo de las Bases de Operaci\u00f3n Mixta en 8 municipios.\" width=\"420\" height=\"245\" srcset=\"https:\/\/www.diarioimagen.net\/wp-content\/uploads\/2016\/09\/ERUVIEL7-portal-420x245.jpg 420w, https:\/\/www.diarioimagen.net\/wp-content\/uploads\/2016\/09\/ERUVIEL7-portal-240x140.jpg 240w, https:\/\/www.diarioimagen.net\/wp-content\/uploads\/2016\/09\/ERUVIEL7-portal.jpg 480w\" sizes=\"auto, (max-width: 420px) 100vw, 420px\" \/><\/a><p id=\"caption-attachment-287783\" class=\"wp-caption-text\">Eruviel \u00c1vila Villegas inform\u00f3 que se emprender\u00e1 un nuevo esquema de trabajo de las Bases de Operaci\u00f3n Mixta en 8 municipios.<\/p><\/div>\n<p>&nbsp;<\/p>\n<p><strong>Toluca, Estado de M\u00e9xico<\/strong>.- El gobernador Eruviel \u00c1vila Villegas present\u00f3 la estrategia para combatir la inseguridad en los ocho municipios mexiquenses, que de acuerdo con el Consejo Nacional de Seguridad, se encuentran entre los 50 con mayores \u00edndices delictivos en el pa\u00eds, y pidi\u00f3 a los presidentes municipales y autoridades involucradas en estas tareas dejar de lado intereses pol\u00edticos o de grupo y trabajar de manera coordinada para responder a la principal demanda de la gente, que es vivir con m\u00e1s seguridad.<\/p>\n<p>\u201cConvoqu\u00e9 hace un momento a mis compa\u00f1eras y compa\u00f1eros presidentes municipales, a hacer a un lado cualquier tema de tipo pol\u00edtico, partidista o de grupo, as\u00ed es que hagamos a un lado, y eso est\u00e1 muy claro, tintes pol\u00edticos y partidistas, que nadie saque raja pol\u00edtica de los temas de seguridad, y qu\u00e9 mejor, cuando tenga una propuesta, o cuando\u00a0 tenga algo bueno que aportar, lo haga, en lugar de estar en la comodidad de una oficina, en la comodidad de un lugar, se\u00f1alando y criticando cuando lo que tenemos que hacer todos, es ponernos a trabajar, y poner manos a la obra, as\u00ed es que tenemos un reto muy importante\u201d, se\u00f1al\u00f3.<\/p>\n<p>En Palacio de Gobierno, acompa\u00f1ado por los presidentes municipales de Chimalhuac\u00e1n, Ecatepec, Naucalpan, Nezahualc\u00f3yotl, Tec\u00e1mac, Tlalnepantla, Tultitl\u00e1n y Valle de Chalco, as\u00ed como de autoridades militares, de la Polic\u00eda Federal y estatal, y de la Procuradur\u00eda General de Justicia, Eruviel \u00c1vila dijo que en estas localidades se establecer\u00e1n acciones bajo un nuevo esquema de trabajo de las Bases de Operaci\u00f3n Mixta (BOM), de las cuales ya operan 40 en toda la entidad.<\/p>\n<p>En este sentido, explic\u00f3 que con el nuevo sistema de trabajo, el coordinador de los trabajos de estas nuevas BOM, es el comandante de la 1a\u00a0 Regi\u00f3n Militar, Rub\u00e9n Serrano Herrera, y con sus acciones se van a generar diagn\u00f3sticos y estudios de inteligencia; adem\u00e1s de que se crean Grupos T\u00e1cticos Operativos que dise\u00f1ar\u00e1n y ejecutar\u00e1n estrategias y operaciones de acuerdo con las necesidades de cada municipio.<\/p>\n<p>&nbsp;<\/p>\n","protected":false},"excerpt":{"rendered":"<p>El gobernador Eruviel \u00c1vila Villegas present\u00f3 la estrategia para combatir la inseguridad en los ocho municipios mexiquenses, que de acuerdo con el Consejo Nacional de Seguridad, se encuentran entre los 50 con mayores \u00edndices delictivos en el pa\u00eds, y pidi\u00f3 a los presidentes municipales y autoridades involucradas en estas tareas dejar de lado intereses pol\u00edticos o de grupo y trabajar de manera coordinada para responder a la principal demanda de la gente, que es vivir con m\u00e1s seguridad.<\/p>\n","protected":false},"author":5,"featured_media":287783,"comment_status":"open","ping_status":"open","sticky":false,"template":"","format":"standard","meta":{"_monsterinsights_skip_tracking":false,"_monsterinsights_sitenote_active":false,"_monsterinsights_sitenote_note":"","_monsterinsights_sitenote_category":0,"footnotes":""},"categories":[5],"tags":[8623,454,5828,43675,970,1577,8026,169,452],"class_list":["post-287782","post","type-post","status-publish","format-standard","has-post-thumbnail","hentry","category-estado-de-mexico","tag-chimalhuacan","tag-ecatepec","tag-eruviel-avila-villegas","tag-estado-de-mexico","tag-naucalpan","tag-nezahualcoyotl","tag-tecamac","tag-tlalnepantla","tag-toluca"],"_links":{"self":[{"href":"https:\/\/www.diarioimagen.net\/index.php?rest_route=\/wp\/v2\/posts\/287782","targetHints":{"allow":["GET"]}}],"collection":[{"href":"https:\/\/www.diarioimagen.net\/index.php?rest_route=\/wp\/v2\/posts"}],"about":[{"href":"https:\/\/www.diarioimagen.net\/index.php?rest_route=\/wp\/v2\/types\/post"}],"author":[{"embeddable":true,"href":"https:\/\/www.diarioimagen.net\/index.php?rest_route=\/wp\/v2\/users\/5"}],"replies":[{"embeddable":true,"href":"https:\/\/www.diarioimagen.net\/index.php?rest_route=%2Fwp%2Fv2%2Fcomments&post=287782"}],"version-history":[{"count":0,"href":"https:\/\/www.diarioimagen.net\/index.php?rest_route=\/wp\/v2\/posts\/287782\/revisions"}],"wp:featuredmedia":[{"embeddable":true,"href":"https:\/\/www.diarioimagen.net\/index.php?rest_route=\/wp\/v2\/media\/287783"}],"wp:attachment":[{"href":"https:\/\/www.diarioimagen.net\/index.php?rest_route=%2Fwp%2Fv2%2Fmedia&parent=287782"}],"wp:term":[{"taxonomy":"category","embeddable":true,"href":"https:\/\/www.diarioimagen.net\/index.php?rest_route=%2Fwp%2Fv2%2Fcategories&post=287782"},{"taxonomy":"post_tag","embeddable":true,"href":"https:\/\/www.diarioimagen.net\/index.php?rest_route=%2Fwp%2Fv2%2Ftags&post=287782"}],"curies":[{"name":"wp","href":"https:\/\/api.w.org\/{rel}","templated":true}]}}