{"id":287791,"date":"2016-09-06T17:02:53","date_gmt":"2016-09-06T22:02:53","guid":{"rendered":"http:\/\/www.diarioimagen.net\/?p=287791"},"modified":"2016-09-09T07:35:42","modified_gmt":"2016-09-09T12:35:42","slug":"estudiantes-de-4o-grado-seran-evaluados-por-la-prueba-planea-diagnostica","status":"publish","type":"post","link":"https:\/\/www.diarioimagen.net\/?p=287791","title":{"rendered":"Estudiantes de 4o. grado ser\u00e1n evaluados por la prueba PLANEA diagn\u00f3stica"},"content":{"rendered":"<ul>\n<li><em><strong>Aplicar\u00e1n la prueba el 7 y 8 de septiembre<\/strong><\/em><\/li>\n<\/ul>\n<p>&nbsp;<\/p>\n<div id=\"attachment_287792\" style=\"width: 430px\" class=\"wp-caption aligncenter\"><a href=\"http:\/\/www.diarioimagen.net\/?attachment_id=287792\" rel=\"attachment wp-att-287792\"><img loading=\"lazy\" decoding=\"async\" aria-describedby=\"caption-attachment-287792\" class=\"size-large wp-image-287792\" src=\"http:\/\/www.diarioimagen.net\/wp-content\/uploads\/2016\/09\/PLANEA7-portal-420x245.jpg\" alt=\"Aplicar\u00e1n la prueba PLANEA los d\u00edas 7 y 8 de septiembre, a 325 mil 193 estudiantes de cuarto grado de primaria.\" width=\"420\" height=\"245\" srcset=\"https:\/\/www.diarioimagen.net\/wp-content\/uploads\/2016\/09\/PLANEA7-portal-420x245.jpg 420w, https:\/\/www.diarioimagen.net\/wp-content\/uploads\/2016\/09\/PLANEA7-portal-240x140.jpg 240w, https:\/\/www.diarioimagen.net\/wp-content\/uploads\/2016\/09\/PLANEA7-portal.jpg 480w\" sizes=\"auto, (max-width: 420px) 100vw, 420px\" \/><\/a><p id=\"caption-attachment-287792\" class=\"wp-caption-text\">Aplicar\u00e1n la prueba PLANEA los d\u00edas 7 y 8 de septiembre, a 325 mil 193 estudiantes de cuarto grado de primaria.<\/p><\/div>\n<p>&nbsp;<\/p>\n<p><strong>Toluca, Estado de M\u00e9xico.-<\/strong> La Secretar\u00eda de Educaci\u00f3n P\u00fablica aplicar\u00e1 la Evaluaci\u00f3n Diagn\u00f3stica del Plan Nacional para la Evaluaci\u00f3n de los Aprendizajes (PLANEA) durante la segunda semana de septiembre, con la finalidad de contar con informaci\u00f3n sobre el logro de los aprendizajes a la mitad de la educaci\u00f3n primaria.<\/p>\n<p>En el Estado de M\u00e9xico, a trav\u00e9s de la Coordinaci\u00f3n Estatal del Servicio Profesional Docente, se estar\u00e1 aplicando la prueba los d\u00edas 7 y 8 de septiembre, a 325 mil 193 estudiantes de cuarto grado de primaria, de siete mil 702 planteles p\u00fablicos y privados de los subsistemas estatal y federalizado, as\u00ed como de las modalidades general, particular e ind\u00edgena.<\/p>\n<p>La Evaluaci\u00f3n Diagn\u00f3stica Censal (EDC) es una herramienta del PLANEA que se llevar\u00e1 a cabo por segunda ocasi\u00f3n, en la que los docentes son los encargados de ejecutarla, adem\u00e1s de calificar, analizar e interpretar los resultados con apoyo de un formato digital para su captura.<\/p>\n<p>Dicho examen fue dise\u00f1ado por el Instituto Nacional para la Evaluaci\u00f3n de la Educaci\u00f3n (INEE) y tiene por objetivo identificar aprendizajes clave en los campos formativos de lenguaje, comunicaci\u00f3n y matem\u00e1ticas.<\/p>\n<p>Asimismo, permitir\u00e1 al docente contar con un diagn\u00f3stico sobre los temas o contenidos que representan un mayor reto para sus alumnos, detectar oportunamente a quienes requieran mayor atenci\u00f3n educativa para la planeaci\u00f3n de la intervenci\u00f3n pedag\u00f3gica y a su vez dar\u00e1 elementos al Consejo T\u00e9cnico Escolar para enriquecer la Ruta de Mejora.<\/p>\n<p>Los resultados de PLANEA Diagn\u00f3stica 2016 se utilizar\u00e1n s\u00f3lo al interior del plantel educativo, pues se realiza bajo la premisa de que este proyecto se sustenta en la participaci\u00f3n de los docentes, reconoci\u00e9ndolos como protagonistas del proceso educativo y como usuarios principales de sus resultados.<\/p>\n","protected":false},"excerpt":{"rendered":"<p>La Secretar\u00eda de Educaci\u00f3n P\u00fablica aplicar\u00e1 la Evaluaci\u00f3n Diagn\u00f3stica del Plan Nacional para la Evaluaci\u00f3n de los Aprendizajes (PLANEA) durante la segunda semana de septiembre, con la finalidad de contar con informaci\u00f3n sobre el logro de los aprendizajes a la mitad de la educaci\u00f3n primaria.<\/p>\n","protected":false},"author":5,"featured_media":287792,"comment_status":"open","ping_status":"open","sticky":false,"template":"","format":"standard","meta":{"_monsterinsights_skip_tracking":false,"_monsterinsights_sitenote_active":false,"_monsterinsights_sitenote_note":"","_monsterinsights_sitenote_category":0,"footnotes":""},"categories":[5],"tags":[],"class_list":["post-287791","post","type-post","status-publish","format-standard","has-post-thumbnail","hentry","category-estado-de-mexico"],"_links":{"self":[{"href":"https:\/\/www.diarioimagen.net\/index.php?rest_route=\/wp\/v2\/posts\/287791","targetHints":{"allow":["GET"]}}],"collection":[{"href":"https:\/\/www.diarioimagen.net\/index.php?rest_route=\/wp\/v2\/posts"}],"about":[{"href":"https:\/\/www.diarioimagen.net\/index.php?rest_route=\/wp\/v2\/types\/post"}],"author":[{"embeddable":true,"href":"https:\/\/www.diarioimagen.net\/index.php?rest_route=\/wp\/v2\/users\/5"}],"replies":[{"embeddable":true,"href":"https:\/\/www.diarioimagen.net\/index.php?rest_route=%2Fwp%2Fv2%2Fcomments&post=287791"}],"version-history":[{"count":0,"href":"https:\/\/www.diarioimagen.net\/index.php?rest_route=\/wp\/v2\/posts\/287791\/revisions"}],"wp:featuredmedia":[{"embeddable":true,"href":"https:\/\/www.diarioimagen.net\/index.php?rest_route=\/wp\/v2\/media\/287792"}],"wp:attachment":[{"href":"https:\/\/www.diarioimagen.net\/index.php?rest_route=%2Fwp%2Fv2%2Fmedia&parent=287791"}],"wp:term":[{"taxonomy":"category","embeddable":true,"href":"https:\/\/www.diarioimagen.net\/index.php?rest_route=%2Fwp%2Fv2%2Fcategories&post=287791"},{"taxonomy":"post_tag","embeddable":true,"href":"https:\/\/www.diarioimagen.net\/index.php?rest_route=%2Fwp%2Fv2%2Ftags&post=287791"}],"curies":[{"name":"wp","href":"https:\/\/api.w.org\/{rel}","templated":true}]}}