{"id":287806,"date":"2016-09-06T23:55:33","date_gmt":"2016-09-07T04:55:33","guid":{"rendered":"http:\/\/www.diarioimagen.net\/?p=287806"},"modified":"2016-09-07T01:14:29","modified_gmt":"2016-09-07T06:14:29","slug":"participa-sinfonica-del-edomex-en-el-homenaje-a-juan-gabriel","status":"publish","type":"post","link":"https:\/\/www.diarioimagen.net\/?p=287806","title":{"rendered":"Participa Sinf\u00f3nica del Edomex en el homenaje a Juan Gabriel"},"content":{"rendered":"<ul>\n<li><em><strong>En el Palacio de Bellas Artes<\/strong><\/em><\/li>\n<\/ul>\n<p>&nbsp;<\/p>\n<div id=\"attachment_287807\" style=\"width: 430px\" class=\"wp-caption aligncenter\"><a href=\"http:\/\/www.diarioimagen.net\/?attachment_id=287807\" rel=\"attachment wp-att-287807\"><img loading=\"lazy\" decoding=\"async\" aria-describedby=\"caption-attachment-287807\" class=\"size-large wp-image-287807\" src=\"http:\/\/www.diarioimagen.net\/wp-content\/uploads\/2016\/09\/OSEM7-portal-420x245.jpg\" alt=\"La OSEM interpret\u00f3 \u201cAmor eterno\u201d, \u201cQuerida\u201d, \u201cSe me olvid\u00f3 otra vez\u201d, \u201cHasta que te conoc\u00ed\u201d y \u201cPero qu\u00e9 necesidad\u201d.\" width=\"420\" height=\"245\" srcset=\"https:\/\/www.diarioimagen.net\/wp-content\/uploads\/2016\/09\/OSEM7-portal-420x245.jpg 420w, https:\/\/www.diarioimagen.net\/wp-content\/uploads\/2016\/09\/OSEM7-portal-240x140.jpg 240w, https:\/\/www.diarioimagen.net\/wp-content\/uploads\/2016\/09\/OSEM7-portal.jpg 480w\" sizes=\"auto, (max-width: 420px) 100vw, 420px\" \/><\/a><p id=\"caption-attachment-287807\" class=\"wp-caption-text\">La OSEM interpret\u00f3 \u201cAmor eterno\u201d, \u201cQuerida\u201d, \u201cSe me olvid\u00f3 otra vez\u201d, \u201cHasta que te conoc\u00ed\u201d y \u201cPero qu\u00e9 necesidad\u201d.<\/p><\/div>\n<p>&nbsp;<\/p>\n<p>La Orquesta Sinf\u00f3nica del Estado de M\u00e9xico (OSEM) particip\u00f3 en el homenaje \u201cAmor Eterno\u201d, que se realiz\u00f3 al cantautor Juan Gabriel en el Palacio de Bellas Artes.<\/p>\n<p>Por lo que con arreglos exclusivos del maestro Eduardo Magallanes, la OSEM interpret\u00f3 \u201cAmor eterno\u201d, \u201cQuerida\u201d, \u201cSe me olvid\u00f3 otra vez\u201d, \u201cHasta que te conoc\u00ed\u201d y \u201cPero qu\u00e9 necesidad\u201d, ante las miles de personas que se dieron cita en el Palacio de Bellas Artes para despedir al Divo de Ju\u00e1rez, bajo la direcci\u00f3n de Enrique B\u00e1tiz.<\/p>\n<p>Adem\u00e1s se present\u00f3 el Coro de la OSM, dirigido por el maestro Manuel Flores, quienes interpretaron el \u201cHuapango\u201d, de Jos\u00e9 Pablo Moncayo, para darle, a\u00fan m\u00e1s, el toque mexicano a este homenaje.<\/p>\n<p>Esta presentaci\u00f3n se une a los conciertos, anunciados por el gobernador Eruviel \u00c1vila y que se realizar\u00e1n en toda la entidad como homenaje a Alberto Aguilera, mejor conocido como Juan Gabriel, que se gan\u00f3 el cari\u00f1o de M\u00e9xico con sus canciones.<\/p>\n","protected":false},"excerpt":{"rendered":"<p>La Orquesta Sinf\u00f3nica del Estado de M\u00e9xico (OSEM) particip\u00f3 en el homenaje \u201cAmor Eterno\u201d, que se realiz\u00f3 al cantautor Juan Gabriel en el Palacio de Bellas Artes.<\/p>\n","protected":false},"author":5,"featured_media":287807,"comment_status":"open","ping_status":"open","sticky":false,"template":"","format":"standard","meta":{"_monsterinsights_skip_tracking":false,"_monsterinsights_sitenote_active":false,"_monsterinsights_sitenote_note":"","_monsterinsights_sitenote_category":0,"footnotes":""},"categories":[35155],"tags":[4568,8804],"class_list":["post-287806","post","type-post","status-publish","format-standard","has-post-thumbnail","hentry","category-estado-de-mexico-estado-de-mexico","tag-juan-gabriel","tag-palacio-de-bellas-artes"],"_links":{"self":[{"href":"https:\/\/www.diarioimagen.net\/index.php?rest_route=\/wp\/v2\/posts\/287806","targetHints":{"allow":["GET"]}}],"collection":[{"href":"https:\/\/www.diarioimagen.net\/index.php?rest_route=\/wp\/v2\/posts"}],"about":[{"href":"https:\/\/www.diarioimagen.net\/index.php?rest_route=\/wp\/v2\/types\/post"}],"author":[{"embeddable":true,"href":"https:\/\/www.diarioimagen.net\/index.php?rest_route=\/wp\/v2\/users\/5"}],"replies":[{"embeddable":true,"href":"https:\/\/www.diarioimagen.net\/index.php?rest_route=%2Fwp%2Fv2%2Fcomments&post=287806"}],"version-history":[{"count":0,"href":"https:\/\/www.diarioimagen.net\/index.php?rest_route=\/wp\/v2\/posts\/287806\/revisions"}],"wp:featuredmedia":[{"embeddable":true,"href":"https:\/\/www.diarioimagen.net\/index.php?rest_route=\/wp\/v2\/media\/287807"}],"wp:attachment":[{"href":"https:\/\/www.diarioimagen.net\/index.php?rest_route=%2Fwp%2Fv2%2Fmedia&parent=287806"}],"wp:term":[{"taxonomy":"category","embeddable":true,"href":"https:\/\/www.diarioimagen.net\/index.php?rest_route=%2Fwp%2Fv2%2Fcategories&post=287806"},{"taxonomy":"post_tag","embeddable":true,"href":"https:\/\/www.diarioimagen.net\/index.php?rest_route=%2Fwp%2Fv2%2Ftags&post=287806"}],"curies":[{"name":"wp","href":"https:\/\/api.w.org\/{rel}","templated":true}]}}