{"id":287832,"date":"2016-09-07T00:09:36","date_gmt":"2016-09-07T05:09:36","guid":{"rendered":"http:\/\/www.diarioimagen.net\/?p=287832"},"modified":"2016-09-07T04:48:46","modified_gmt":"2016-09-07T09:48:46","slug":"frente-comun-para-reducir-delincuencia","status":"publish","type":"post","link":"https:\/\/www.diarioimagen.net\/?p=287832","title":{"rendered":"Frente com\u00fan para reducir delincuencia"},"content":{"rendered":"<h2>Arco Norte<\/h2>\n<h5>Jos\u00e9 Luis Monta\u00f1ez Aguilar<\/h5>\n<p>&nbsp;<\/p>\n<div id=\"attachment_287915\" style=\"width: 430px\" class=\"wp-caption aligncenter\"><a href=\"http:\/\/www.diarioimagen.net\/?attachment_id=287915\" rel=\"attachment wp-att-287915\"><img loading=\"lazy\" decoding=\"async\" aria-describedby=\"caption-attachment-287915\" class=\"size-large wp-image-287915\" src=\"http:\/\/www.diarioimagen.net\/wp-content\/uploads\/2016\/09\/arco-2949-420x236.jpg\" alt=\"Eruviel \u00c1vila - Anunciando una nueva estrategia de seguridad.\" width=\"420\" height=\"236\" srcset=\"https:\/\/www.diarioimagen.net\/wp-content\/uploads\/2016\/09\/arco-2949-420x236.jpg 420w, https:\/\/www.diarioimagen.net\/wp-content\/uploads\/2016\/09\/arco-2949-240x135.jpg 240w, https:\/\/www.diarioimagen.net\/wp-content\/uploads\/2016\/09\/arco-2949-768x432.jpg 768w, https:\/\/www.diarioimagen.net\/wp-content\/uploads\/2016\/09\/arco-2949-480x270.jpg 480w, https:\/\/www.diarioimagen.net\/wp-content\/uploads\/2016\/09\/arco-2949-235x132.jpg 235w, https:\/\/www.diarioimagen.net\/wp-content\/uploads\/2016\/09\/arco-2949-202x114.jpg 202w, https:\/\/www.diarioimagen.net\/wp-content\/uploads\/2016\/09\/arco-2949-350x196.jpg 350w, https:\/\/www.diarioimagen.net\/wp-content\/uploads\/2016\/09\/arco-2949-220x123.jpg 220w, https:\/\/www.diarioimagen.net\/wp-content\/uploads\/2016\/09\/arco-2949-237x132.jpg 237w, https:\/\/www.diarioimagen.net\/wp-content\/uploads\/2016\/09\/arco-2949.jpg 1200w\" sizes=\"auto, (max-width: 420px) 100vw, 420px\" \/><\/a><p id=\"caption-attachment-287915\" class=\"wp-caption-text\">Eruviel \u00c1vila &#8211; Anunciando una nueva estrategia de seguridad.<\/p><\/div>\n<p>&nbsp;<\/p>\n<p>Eruviel \u00c1vila Villegas present\u00f3 la estrategia para combatir la inseguridad en los ocho municipios mexiquenses, que de acuerdo al Consejo Nacional de Seguridad, est\u00e1n entre los 50 con mayores \u00edndices delictivos en M\u00e9xico, y pidi\u00f3 a los presidentes municipales y autoridades involucradas en dejar de lado intereses pol\u00edticos o de grupo y trabajar coordinadamente para que los mexiquenses vivan con m\u00e1s seguridad.<\/p>\n<p>El gobernador dijo que en Chimalhuac\u00e1n, Ecatepec, Naucalpan, Nezahualc\u00f3yotl, Tec\u00e1mac, Tlalnepantla, Tultitl\u00e1n y Valle de Chalco se establecer\u00e1n acciones bajo un nuevo esquema de trabajo de las Bases de Operaci\u00f3n Mixta (BOM), de las cuales ya operan 40 en el Estado de M\u00e9xico.<\/p>\n<p>Explic\u00f3 que con el nuevo sistema de trabajo, se van a generar diagn\u00f3sticos y estudios de inteligencia; adem\u00e1s de que se crean Grupos T\u00e1cticos Operativos que dise\u00f1ar\u00e1n y ejecutar\u00e1n estrategias y operaciones de acuerdo con las necesidades de cada municipio.<\/p>\n<p style=\"text-align: center;\"><strong>Presenta Isis \u00c1vila audiolibro para adultos mayores<\/strong><\/p>\n<p>Al festejar a m\u00e1s de 900 abuelitos y abuelitas, Isis \u00c1vila Mu\u00f1oz, presidenta honoraria del Sistema para el Desarrollo Integral de la Familia del Estado de M\u00e9xico (DIFEM), present\u00f3 el audiolibro \u201cEnvejeciendo con Alegr\u00eda\u201d del autor Alejandro Orozco Rubio, material que representa un homenaje y reconocimiento a la aportaci\u00f3n que hacen los adultos mayores para forjar una entidad mexiquenses y pa\u00eds fuertes, as\u00ed como para fortalecer una cultura de respeto e integraci\u00f3n.<\/p>\n<p>Este audiolibro es una edici\u00f3n del gobierno estatal, a trav\u00e9s del Fondo Editorial del Estado de M\u00e9xico, entre cuyas reflexiones se invita a las personas a a\u00f1adir vida a los a\u00f1os, fomentar una cultura de respeto y saber que siempre hay metas por cumplir.<\/p>\n<p style=\"text-align: center;\"><strong>Campa\u00f1a para disminuir embarazo adolescente<\/strong><\/p>\n<p>Para disminuir embarazos en adolescentes y prevenir enfermedades de transmisi\u00f3n sexual, el Instituto de Salud de Estado de M\u00e9xico (ISEM) ha entregado gratuitamente desde 2012 a la fecha, m\u00e1s de 29 millones de preservativos, inform\u00f3 C\u00e9sar G\u00f3mez, secretario de Salud estatal. Mencion\u00f3 que especialistas del ISEM han realizado m\u00e1s de 7 millones de pl\u00e1ticas para sensibilizar a los adolescentes sobre el uso de preservativos y entreg\u00f3 condones a estudiantes del Centro de Bachillerato Tecnol\u00f3gico \u201cEmiliano Zapata\u201d, adem\u00e1s los invit\u00f3 a cuidar su salud reproductiva, sus estudios y fijarse metas y objetivos para tener una profesi\u00f3n y grado acad\u00e9mico.<\/p>\n<p><em><a href=\"mailto:montanezaguilar@gmail.com\" target=\"_blank\">montanezaguilar@gmail.com<\/a><\/em><\/p>\n","protected":false},"excerpt":{"rendered":"<p><span style=\"color: #005497;\">Jos\u00e9 Luis Monta\u00f1ez Aguilar<\/span><br \/>\n<br \/>\nEruviel \u00c1vila Villegas present\u00f3 la estrategia para combatir la inseguridad en los ocho municipios mexiquenses, que de acuerdo al Consejo Nacional de Seguridad, est\u00e1n entre los 50 con mayores \u00edndices delictivos en M\u00e9xico, y pidi\u00f3 a los presidentes municipales y autoridades involucradas en dejar de lado intereses pol\u00edticos o de grupo y trabajar coordinadamente para que los mexiquenses vivan con m\u00e1s seguridad.<\/p>\n","protected":false},"author":3,"featured_media":287915,"comment_status":"open","ping_status":"open","sticky":false,"template":"","format":"standard","meta":{"_monsterinsights_skip_tracking":false,"_monsterinsights_sitenote_active":false,"_monsterinsights_sitenote_note":"","_monsterinsights_sitenote_category":0,"footnotes":""},"categories":[5],"tags":[13284,43704,43674],"class_list":["post-287832","post","type-post","status-publish","format-standard","has-post-thumbnail","hentry","category-estado-de-mexico","tag-arco-norte","tag-jose-luis-montanez-aguilar","tag-opinion"],"_links":{"self":[{"href":"https:\/\/www.diarioimagen.net\/index.php?rest_route=\/wp\/v2\/posts\/287832","targetHints":{"allow":["GET"]}}],"collection":[{"href":"https:\/\/www.diarioimagen.net\/index.php?rest_route=\/wp\/v2\/posts"}],"about":[{"href":"https:\/\/www.diarioimagen.net\/index.php?rest_route=\/wp\/v2\/types\/post"}],"author":[{"embeddable":true,"href":"https:\/\/www.diarioimagen.net\/index.php?rest_route=\/wp\/v2\/users\/3"}],"replies":[{"embeddable":true,"href":"https:\/\/www.diarioimagen.net\/index.php?rest_route=%2Fwp%2Fv2%2Fcomments&post=287832"}],"version-history":[{"count":0,"href":"https:\/\/www.diarioimagen.net\/index.php?rest_route=\/wp\/v2\/posts\/287832\/revisions"}],"wp:featuredmedia":[{"embeddable":true,"href":"https:\/\/www.diarioimagen.net\/index.php?rest_route=\/wp\/v2\/media\/287915"}],"wp:attachment":[{"href":"https:\/\/www.diarioimagen.net\/index.php?rest_route=%2Fwp%2Fv2%2Fmedia&parent=287832"}],"wp:term":[{"taxonomy":"category","embeddable":true,"href":"https:\/\/www.diarioimagen.net\/index.php?rest_route=%2Fwp%2Fv2%2Fcategories&post=287832"},{"taxonomy":"post_tag","embeddable":true,"href":"https:\/\/www.diarioimagen.net\/index.php?rest_route=%2Fwp%2Fv2%2Ftags&post=287832"}],"curies":[{"name":"wp","href":"https:\/\/api.w.org\/{rel}","templated":true}]}}