{"id":287841,"date":"2016-09-07T00:07:42","date_gmt":"2016-09-07T05:07:42","guid":{"rendered":"http:\/\/www.diarioimagen.net\/?p=287841"},"modified":"2016-09-07T04:23:47","modified_gmt":"2016-09-07T09:23:47","slug":"continua-huixquilucan-con-entrega-de-apoyos-alimenticios","status":"publish","type":"post","link":"https:\/\/www.diarioimagen.net\/?p=287841","title":{"rendered":"Contin\u00faa Huixquilucan con entrega de apoyos alimenticios"},"content":{"rendered":"<ul>\n<li><strong><em>Repartir\u00e1n otras 27 mil despensas<\/em><\/strong><\/li>\n<\/ul>\n<p>&nbsp;<\/p>\n<div id=\"attachment_287919\" style=\"width: 430px\" class=\"wp-caption aligncenter\"><a href=\"http:\/\/www.diarioimagen.net\/?attachment_id=287919\" rel=\"attachment wp-att-287919\"><img loading=\"lazy\" decoding=\"async\" aria-describedby=\"caption-attachment-287919\" class=\"size-large wp-image-287919\" src=\"http:\/\/www.diarioimagen.net\/wp-content\/uploads\/2016\/09\/HUIXQUILUCAN-2949-420x214.jpg\" alt=\"El alcalde Enrique Vargas del Villar afirm\u00f3 que su gobierno seguir\u00e1 impulsando programas que benefician a las personas que m\u00e1s lo necesitan.\" width=\"420\" height=\"214\" srcset=\"https:\/\/www.diarioimagen.net\/wp-content\/uploads\/2016\/09\/HUIXQUILUCAN-2949-420x214.jpg 420w, https:\/\/www.diarioimagen.net\/wp-content\/uploads\/2016\/09\/HUIXQUILUCAN-2949-240x122.jpg 240w, https:\/\/www.diarioimagen.net\/wp-content\/uploads\/2016\/09\/HUIXQUILUCAN-2949.jpg 700w\" sizes=\"auto, (max-width: 420px) 100vw, 420px\" \/><\/a><p id=\"caption-attachment-287919\" class=\"wp-caption-text\">El alcalde Enrique Vargas del Villar afirm\u00f3 que su gobierno seguir\u00e1 impulsando programas que benefician a las personas que m\u00e1s lo necesitan.<\/p><\/div>\n<p>&nbsp;<\/p>\n<p><strong>Huixquilucan, Estado de M\u00e9xico<\/strong>.- En el marco de la segunda entrega de apoyos alimenticios a vecinos de Huixquilucan, el alcalde Enrique Vargas del Villar destac\u00f3 que su gobierno seguir\u00e1 impulsando este tipo de programas que benefician a las personas que m\u00e1s lo necesitan.\u00a0En esta etapa se repartir\u00e1n 27 mil despensas en todas \u00a0las comunidades.<\/p>\n<p>Anunci\u00f3 que en este a\u00f1o iniciar\u00e1n una serie de obras de infraestructura que permitir\u00e1n elevar la calidad de vida de los habitantes, que administraci\u00f3n tras administraci\u00f3n han sido olvidados; entre ellas, la remodelaci\u00f3n de la avenida principal, que va desde la colonia Canteras, pasando por El Pedregal, hasta La Ca\u00f1ada; el deportivo El Calvario y la pavimentaci\u00f3n del boulevard El Mirador, entre otras,\u00a0en beneficio de la zona popular\u00a0de Huixquilucan.<\/p>\n<p>Ante cientos de vecinos\u00a0de las comunidades de El Arenal, San Bartolito, El Mirador, San Crist\u00f3bal Texcalucan, El Trejo,\u00a0que se dieron cita en el auditorio municipal de El Calvario, en Magdalena Chichicaspa,\u00a0Vargas del Villar enfatiz\u00f3 que para estas y otras obras su gobierno invertir\u00e1 m\u00e1s de 300 millones de pesos.<\/p>\n<p>Abund\u00f3\u00a0que se va a construir el drenaje sanitario del paraje de Las M\u00e1quinas, la ampliaci\u00f3n del desag\u00fce sanitario de La Magueyera y la implementaci\u00f3n del programa de desazolve en la comunidad de Magdalena Chichicaspa.<\/p>\n<p>&nbsp;<\/p>\n","protected":false},"excerpt":{"rendered":"<p>En el marco de la segunda entrega de apoyos alimenticios a vecinos de Huixquilucan, el alcalde Enrique Vargas del Villar destac\u00f3 que su gobierno seguir\u00e1 impulsando este tipo de programas que benefician a las personas que m\u00e1s lo necesitan. En esta etapa se repartir\u00e1n 27 mil despensas en todas  las comunidades.<\/p>\n","protected":false},"author":3,"featured_media":287920,"comment_status":"open","ping_status":"open","sticky":false,"template":"","format":"standard","meta":{"_monsterinsights_skip_tracking":false,"_monsterinsights_sitenote_active":false,"_monsterinsights_sitenote_note":"","_monsterinsights_sitenote_category":0,"footnotes":""},"categories":[35155],"tags":[43675,1097],"class_list":["post-287841","post","type-post","status-publish","format-standard","has-post-thumbnail","hentry","category-estado-de-mexico-estado-de-mexico","tag-estado-de-mexico","tag-huixquilucan"],"_links":{"self":[{"href":"https:\/\/www.diarioimagen.net\/index.php?rest_route=\/wp\/v2\/posts\/287841","targetHints":{"allow":["GET"]}}],"collection":[{"href":"https:\/\/www.diarioimagen.net\/index.php?rest_route=\/wp\/v2\/posts"}],"about":[{"href":"https:\/\/www.diarioimagen.net\/index.php?rest_route=\/wp\/v2\/types\/post"}],"author":[{"embeddable":true,"href":"https:\/\/www.diarioimagen.net\/index.php?rest_route=\/wp\/v2\/users\/3"}],"replies":[{"embeddable":true,"href":"https:\/\/www.diarioimagen.net\/index.php?rest_route=%2Fwp%2Fv2%2Fcomments&post=287841"}],"version-history":[{"count":0,"href":"https:\/\/www.diarioimagen.net\/index.php?rest_route=\/wp\/v2\/posts\/287841\/revisions"}],"wp:featuredmedia":[{"embeddable":true,"href":"https:\/\/www.diarioimagen.net\/index.php?rest_route=\/wp\/v2\/media\/287920"}],"wp:attachment":[{"href":"https:\/\/www.diarioimagen.net\/index.php?rest_route=%2Fwp%2Fv2%2Fmedia&parent=287841"}],"wp:term":[{"taxonomy":"category","embeddable":true,"href":"https:\/\/www.diarioimagen.net\/index.php?rest_route=%2Fwp%2Fv2%2Fcategories&post=287841"},{"taxonomy":"post_tag","embeddable":true,"href":"https:\/\/www.diarioimagen.net\/index.php?rest_route=%2Fwp%2Fv2%2Ftags&post=287841"}],"curies":[{"name":"wp","href":"https:\/\/api.w.org\/{rel}","templated":true}]}}