{"id":287846,"date":"2016-09-07T00:06:02","date_gmt":"2016-09-07T05:06:02","guid":{"rendered":"http:\/\/www.diarioimagen.net\/?p=287846"},"modified":"2016-09-07T04:28:55","modified_gmt":"2016-09-07T09:28:55","slug":"celebran-cxlii-aniversario-de-la-fundacion-de-naucalpan","status":"publish","type":"post","link":"https:\/\/www.diarioimagen.net\/?p=287846","title":{"rendered":"Celebran CXLII Aniversario de la fundaci\u00f3n de Naucalpan"},"content":{"rendered":"<ul>\n<li><strong><em>Se trabaja para tener un municipio m\u00e1s seguro<\/em><\/strong><\/li>\n<\/ul>\n<p>&nbsp;<\/p>\n<div id=\"attachment_287927\" style=\"width: 430px\" class=\"wp-caption aligncenter\"><a href=\"http:\/\/www.diarioimagen.net\/?attachment_id=287927\" rel=\"attachment wp-att-287927\"><img loading=\"lazy\" decoding=\"async\" aria-describedby=\"caption-attachment-287927\" class=\"size-large wp-image-287927\" src=\"http:\/\/www.diarioimagen.net\/wp-content\/uploads\/2016\/09\/NAUCALPAN-2949-420x236.jpg\" alt=\"El secretario del Ayuntamiento, Horacio Jim\u00e9nez L\u00f3pez, presidi\u00f3 la conmemoraci\u00f3n del CXLII Aniversario de la Fundaci\u00f3n de Naucalpan.\" width=\"420\" height=\"236\" srcset=\"https:\/\/www.diarioimagen.net\/wp-content\/uploads\/2016\/09\/NAUCALPAN-2949-420x236.jpg 420w, https:\/\/www.diarioimagen.net\/wp-content\/uploads\/2016\/09\/NAUCALPAN-2949-240x135.jpg 240w, https:\/\/www.diarioimagen.net\/wp-content\/uploads\/2016\/09\/NAUCALPAN-2949-480x270.jpg 480w, https:\/\/www.diarioimagen.net\/wp-content\/uploads\/2016\/09\/NAUCALPAN-2949-235x132.jpg 235w, https:\/\/www.diarioimagen.net\/wp-content\/uploads\/2016\/09\/NAUCALPAN-2949-202x114.jpg 202w, https:\/\/www.diarioimagen.net\/wp-content\/uploads\/2016\/09\/NAUCALPAN-2949-350x196.jpg 350w, https:\/\/www.diarioimagen.net\/wp-content\/uploads\/2016\/09\/NAUCALPAN-2949-220x123.jpg 220w, https:\/\/www.diarioimagen.net\/wp-content\/uploads\/2016\/09\/NAUCALPAN-2949-237x132.jpg 237w, https:\/\/www.diarioimagen.net\/wp-content\/uploads\/2016\/09\/NAUCALPAN-2949.jpg 700w\" sizes=\"auto, (max-width: 420px) 100vw, 420px\" \/><\/a><p id=\"caption-attachment-287927\" class=\"wp-caption-text\">El secretario del Ayuntamiento, Horacio Jim\u00e9nez L\u00f3pez, presidi\u00f3 la conmemoraci\u00f3n del CXLII Aniversario de la Fundaci\u00f3n de Naucalpan.<\/p><\/div>\n<p>&nbsp;<\/p>\n<p><strong>Naucalpan, Estado de M\u00e9xico<\/strong>.- La actual administraci\u00f3n trabaja para tener un Naucalpan m\u00e1s seguro que ofrezca a sus habitantes una mejor calidad de vida con parques, jardines y calles iluminadas, para tener el municipio que se merecen los ciudadanos.<\/p>\n<p>Al conmemorar el CXLII Aniversario de la Fundaci\u00f3n del municipio, el Secretario del Ayuntamiento, Horacio Jim\u00e9nez L\u00f3pez, indic\u00f3 que es un momento oportuno para reflexionar sobre la riqueza \u00e9tnica y la pluralidad del Naucalpan de hoy, ya que si actualmente la mayor\u00eda de los ciudadanos son nacidos en esta localidad, hasta la \u00faltima d\u00e9cada del siglo pasado un gran porcentaje de su poblaci\u00f3n eran migrantes de otros estados de la Rep\u00fablica.<\/p>\n<p>Ante la presidenta del Sistema Municipal para el Desarrollo Integral de la Familia, DIF Naucalpan, Liliana de Olvera, en representaci\u00f3n del alcalde Edgar Armando Olvera Higuera, el secretario del Ayuntamiento indic\u00f3 que debemos recordar que Naucalpan era un mosaico nacional con representaci\u00f3n cultural y \u00e9tnica de todo el pa\u00eds, \u201cy hoy los hijos de esos migrantes son los que le dan vida a nuestro municipio.\u201d<\/p>\n<p>Por su parte, en representaci\u00f3n del gobernador mexiquense, Eruviel \u00c1vila Villegas, el subsecretario de Agua y Obra P\u00fablica, de la Secretar\u00eda de Infraestructura, Arturo Raymundo Lugo Pe\u00f1a, record\u00f3 que el 3 de septiembre de 1874, el Congreso del Estado de M\u00e9xico, mediante el decreto n\u00famero 30, elev\u00f3 a categor\u00eda de Villa al pueblo de San Bartolo, agreg\u00e1ndole la denominaci\u00f3n \u201cde Ju\u00e1rez\u201d, en honor al ex Presidente de la Rep\u00fablica fallecido dos a\u00f1os antes.<\/p>\n<p>A su vez, el cronista municipal, Jaime Orozco, indic\u00f3 que la actual administraci\u00f3n, adem\u00e1s de conmemorar el CXLII Aniversario de Naucalpan, se ha ocupado en investigar los or\u00edgenes de nuestro ayuntamiento, \u201cya que la historia nos descubre la condici\u00f3n humana y el legado de experiencias que van pasando de generaci\u00f3n en generaci\u00f3n\u201d.<\/p>\n<p>&nbsp;<\/p>\n","protected":false},"excerpt":{"rendered":"<p> La actual administraci\u00f3n trabaja para tener un Naucalpan m\u00e1s seguro que ofrezca a sus habitantes una mejor calidad de vida con parques, jardines y calles iluminadas, para tener el municipio que se merecen los ciudadanos.<\/p>\n","protected":false},"author":3,"featured_media":287927,"comment_status":"open","ping_status":"open","sticky":false,"template":"","format":"standard","meta":{"_monsterinsights_skip_tracking":false,"_monsterinsights_sitenote_active":false,"_monsterinsights_sitenote_note":"","_monsterinsights_sitenote_category":0,"footnotes":""},"categories":[35155],"tags":[43675,51432,970],"class_list":["post-287846","post","type-post","status-publish","format-standard","has-post-thumbnail","hentry","category-estado-de-mexico-estado-de-mexico","tag-estado-de-mexico","tag-fundacion","tag-naucalpan"],"_links":{"self":[{"href":"https:\/\/www.diarioimagen.net\/index.php?rest_route=\/wp\/v2\/posts\/287846","targetHints":{"allow":["GET"]}}],"collection":[{"href":"https:\/\/www.diarioimagen.net\/index.php?rest_route=\/wp\/v2\/posts"}],"about":[{"href":"https:\/\/www.diarioimagen.net\/index.php?rest_route=\/wp\/v2\/types\/post"}],"author":[{"embeddable":true,"href":"https:\/\/www.diarioimagen.net\/index.php?rest_route=\/wp\/v2\/users\/3"}],"replies":[{"embeddable":true,"href":"https:\/\/www.diarioimagen.net\/index.php?rest_route=%2Fwp%2Fv2%2Fcomments&post=287846"}],"version-history":[{"count":0,"href":"https:\/\/www.diarioimagen.net\/index.php?rest_route=\/wp\/v2\/posts\/287846\/revisions"}],"wp:featuredmedia":[{"embeddable":true,"href":"https:\/\/www.diarioimagen.net\/index.php?rest_route=\/wp\/v2\/media\/287927"}],"wp:attachment":[{"href":"https:\/\/www.diarioimagen.net\/index.php?rest_route=%2Fwp%2Fv2%2Fmedia&parent=287846"}],"wp:term":[{"taxonomy":"category","embeddable":true,"href":"https:\/\/www.diarioimagen.net\/index.php?rest_route=%2Fwp%2Fv2%2Fcategories&post=287846"},{"taxonomy":"post_tag","embeddable":true,"href":"https:\/\/www.diarioimagen.net\/index.php?rest_route=%2Fwp%2Fv2%2Ftags&post=287846"}],"curies":[{"name":"wp","href":"https:\/\/api.w.org\/{rel}","templated":true}]}}