{"id":287848,"date":"2016-09-07T00:04:43","date_gmt":"2016-09-07T05:04:43","guid":{"rendered":"http:\/\/www.diarioimagen.net\/?p=287848"},"modified":"2016-09-07T04:38:31","modified_gmt":"2016-09-07T09:38:31","slug":"eligen-a-cruz-roa-presidente-de-la-junta-de-coordinacion-politica","status":"publish","type":"post","link":"https:\/\/www.diarioimagen.net\/?p=287848","title":{"rendered":"Eligen a Cruz Roa presidente de la Junta de Coordinaci\u00f3n Pol\u00edtica"},"content":{"rendered":"<ul>\n<li><strong><em>Por segundo a\u00f1o consecutivo<\/em><\/strong><\/li>\n<\/ul>\n<p>&nbsp;<\/p>\n<div id=\"attachment_287940\" style=\"width: 430px\" class=\"wp-caption aligncenter\"><a href=\"http:\/\/www.diarioimagen.net\/?attachment_id=287940\" rel=\"attachment wp-att-287940\"><img loading=\"lazy\" decoding=\"async\" aria-describedby=\"caption-attachment-287940\" class=\"size-large wp-image-287940\" src=\"http:\/\/www.diarioimagen.net\/wp-content\/uploads\/2016\/09\/LEGISLATURA-2949-420x236.jpg\" alt=\"Fue electo Cruz Roa S\u00e1nchez como presidente de la Jucopo, as\u00ed como Juan Manuel Zepeda Hern\u00e1ndez, Sergio Mendiola S\u00e1nchez y Jos\u00e9 Francisco V\u00e1zquez Rodr\u00edguez, como vicepresidentes y secretario.\" width=\"420\" height=\"236\" srcset=\"https:\/\/www.diarioimagen.net\/wp-content\/uploads\/2016\/09\/LEGISLATURA-2949-420x236.jpg 420w, https:\/\/www.diarioimagen.net\/wp-content\/uploads\/2016\/09\/LEGISLATURA-2949-240x135.jpg 240w, https:\/\/www.diarioimagen.net\/wp-content\/uploads\/2016\/09\/LEGISLATURA-2949-768x432.jpg 768w, https:\/\/www.diarioimagen.net\/wp-content\/uploads\/2016\/09\/LEGISLATURA-2949-480x270.jpg 480w, https:\/\/www.diarioimagen.net\/wp-content\/uploads\/2016\/09\/LEGISLATURA-2949-235x132.jpg 235w, https:\/\/www.diarioimagen.net\/wp-content\/uploads\/2016\/09\/LEGISLATURA-2949-202x114.jpg 202w, https:\/\/www.diarioimagen.net\/wp-content\/uploads\/2016\/09\/LEGISLATURA-2949-350x196.jpg 350w, https:\/\/www.diarioimagen.net\/wp-content\/uploads\/2016\/09\/LEGISLATURA-2949-220x123.jpg 220w, https:\/\/www.diarioimagen.net\/wp-content\/uploads\/2016\/09\/LEGISLATURA-2949-237x132.jpg 237w, https:\/\/www.diarioimagen.net\/wp-content\/uploads\/2016\/09\/LEGISLATURA-2949.jpg 1024w\" sizes=\"auto, (max-width: 420px) 100vw, 420px\" \/><\/a><p id=\"caption-attachment-287940\" class=\"wp-caption-text\">Fue electo Cruz Roa S\u00e1nchez como presidente de la Jucopo, as\u00ed como Juan Manuel Zepeda Hern\u00e1ndez, Sergio Mendiola S\u00e1nchez y Jos\u00e9 Francisco V\u00e1zquez Rodr\u00edguez, como vicepresidentes y secretario.<\/p><\/div>\n<p>&nbsp;<\/p>\n<p>La 59 Legislatura mexiquense eligi\u00f3 por unanimidad al legislador Cruz Roa S\u00e1nchez (PRI) como presidente de la Junta de Coordinaci\u00f3n Pol\u00edtica (Jucopo), cargo que ocupa por segundo a\u00f1o consecutivo, as\u00ed como a los diputados Juan Manuel Zepeda Hern\u00e1ndez (PRD), Sergio Mendiola S\u00e1nchez (PAN) y Jos\u00e9 Francisco V\u00e1zquez Rodr\u00edguez (Morena) como vicepresidentes y secretario, respectivamente, de este \u00f3rgano de concertaci\u00f3n pol\u00edtica.<\/p>\n<p>En sesi\u00f3n del Cuarto Periodo Ordinario, cuya directiva preside la diputada Martha Ang\u00e9lica Bernardino Rojas (PRD), previo a la protesta correspondiente, tambi\u00e9n fueron electos como vocales los diputados Jacobo David Cheja Alfaro (Movimiento Ciudadano), Mario Salcedo Gonz\u00e1lez (Encuentro Social), Francisco Agundis Arias (Verde Ecologista), Carlos S\u00e1nchez S\u00e1nchez (PT) y Aquiles Cort\u00e9s L\u00f3pez (Nueva Alianza).<\/p>\n<p>Antes, en sesi\u00f3n solemne de instalaci\u00f3n del Cuarto Periodo Ordinario, en presencia del gobernador Eruviel \u00c1vila Villegas y del presidente del Tribunal Superior de Justicia, Sergio Javier Medina Pe\u00f1aloza, Cruz Roa dio a conocer que el primer a\u00f1o de la 59 Legislatura mexiquense se caracteriz\u00f3 por la apertura y el di\u00e1logo, y que gracias a la voluntad de todos los grupos parlamentarios, se reunieron las 34 comisiones legislativas y los 5 comit\u00e9s permanentes lo que permiti\u00f3 dictaminar 260 iniciativas, de las cuales, ocho de cada 10 fueron aprobadas por unanimidad.<\/p>\n<p>Reconoci\u00f3 el esp\u00edritu dem\u00f3crata del gobernador Eruviel \u00c1vila, por aceptar la invitaci\u00f3n que la Junta de Coordinaci\u00f3n Pol\u00edtica le hizo para acudir a la Casa del Pueblo a escuchar las voces de las diferentes expresiones pol\u00edticas, lo que, dijo, da muestra de su sensibilidad y talento para gobernar a los mexiquenses.<\/p>\n<p>&nbsp;<\/p>\n","protected":false},"excerpt":{"rendered":"<p>La 59 Legislatura mexiquense eligi\u00f3 por unanimidad al legislador Cruz Roa S\u00e1nchez (PRI) como presidente de la Junta de Coordinaci\u00f3n Pol\u00edtica (Jucopo), cargo que ocupa por segundo a\u00f1o consecutivo, as\u00ed como a los diputados Juan Manuel Zepeda Hern\u00e1ndez (PRD), Sergio Mendiola S\u00e1nchez (PAN) y Jos\u00e9 Francisco V\u00e1zquez Rodr\u00edguez (Morena) como vicepresidentes y secretario, respectivamente, de este \u00f3rgano de concertaci\u00f3n pol\u00edtica.<\/p>\n","protected":false},"author":3,"featured_media":287940,"comment_status":"open","ping_status":"open","sticky":false,"template":"","format":"standard","meta":{"_monsterinsights_skip_tracking":false,"_monsterinsights_sitenote_active":false,"_monsterinsights_sitenote_note":"","_monsterinsights_sitenote_category":0,"footnotes":""},"categories":[35155],"tags":[43675,4553],"class_list":["post-287848","post","type-post","status-publish","format-standard","has-post-thumbnail","hentry","category-estado-de-mexico-estado-de-mexico","tag-estado-de-mexico","tag-junta-de-coordinacion-politica"],"_links":{"self":[{"href":"https:\/\/www.diarioimagen.net\/index.php?rest_route=\/wp\/v2\/posts\/287848","targetHints":{"allow":["GET"]}}],"collection":[{"href":"https:\/\/www.diarioimagen.net\/index.php?rest_route=\/wp\/v2\/posts"}],"about":[{"href":"https:\/\/www.diarioimagen.net\/index.php?rest_route=\/wp\/v2\/types\/post"}],"author":[{"embeddable":true,"href":"https:\/\/www.diarioimagen.net\/index.php?rest_route=\/wp\/v2\/users\/3"}],"replies":[{"embeddable":true,"href":"https:\/\/www.diarioimagen.net\/index.php?rest_route=%2Fwp%2Fv2%2Fcomments&post=287848"}],"version-history":[{"count":0,"href":"https:\/\/www.diarioimagen.net\/index.php?rest_route=\/wp\/v2\/posts\/287848\/revisions"}],"wp:featuredmedia":[{"embeddable":true,"href":"https:\/\/www.diarioimagen.net\/index.php?rest_route=\/wp\/v2\/media\/287940"}],"wp:attachment":[{"href":"https:\/\/www.diarioimagen.net\/index.php?rest_route=%2Fwp%2Fv2%2Fmedia&parent=287848"}],"wp:term":[{"taxonomy":"category","embeddable":true,"href":"https:\/\/www.diarioimagen.net\/index.php?rest_route=%2Fwp%2Fv2%2Fcategories&post=287848"},{"taxonomy":"post_tag","embeddable":true,"href":"https:\/\/www.diarioimagen.net\/index.php?rest_route=%2Fwp%2Fv2%2Ftags&post=287848"}],"curies":[{"name":"wp","href":"https:\/\/api.w.org\/{rel}","templated":true}]}}