{"id":287850,"date":"2016-09-07T00:03:59","date_gmt":"2016-09-07T05:03:59","guid":{"rendered":"http:\/\/www.diarioimagen.net\/?p=287850"},"modified":"2016-09-07T04:30:26","modified_gmt":"2016-09-07T09:30:26","slug":"benefician-a-216-adultos-mayores-con-entrega-de-lentes-en-tultepec","status":"publish","type":"post","link":"https:\/\/www.diarioimagen.net\/?p=287850","title":{"rendered":"Benefician a 216 adultos mayores con entrega de lentes en Tultepec"},"content":{"rendered":"<ul>\n<li><strong><em>Destacan apoyo del DIFEM<\/em><\/strong><\/li>\n<\/ul>\n<p>&nbsp;<\/p>\n<div id=\"attachment_287930\" style=\"width: 430px\" class=\"wp-caption aligncenter\"><a href=\"http:\/\/www.diarioimagen.net\/?attachment_id=287930\" rel=\"attachment wp-att-287930\"><img loading=\"lazy\" decoding=\"async\" aria-describedby=\"caption-attachment-287930\" class=\"size-large wp-image-287930\" src=\"http:\/\/www.diarioimagen.net\/wp-content\/uploads\/2016\/09\/TULTEPEC-2949-420x237.jpg\" alt=\"Mar\u00eda F\u00e9lix Espinosa Hern\u00e1ndez, presidenta del DIF municipal, entreg\u00f3 lentes a adultos mayores.\" width=\"420\" height=\"237\" srcset=\"https:\/\/www.diarioimagen.net\/wp-content\/uploads\/2016\/09\/TULTEPEC-2949-420x237.jpg 420w, https:\/\/www.diarioimagen.net\/wp-content\/uploads\/2016\/09\/TULTEPEC-2949-240x135.jpg 240w, https:\/\/www.diarioimagen.net\/wp-content\/uploads\/2016\/09\/TULTEPEC-2949-768x433.jpg 768w, https:\/\/www.diarioimagen.net\/wp-content\/uploads\/2016\/09\/TULTEPEC-2949-480x270.jpg 480w, https:\/\/www.diarioimagen.net\/wp-content\/uploads\/2016\/09\/TULTEPEC-2949-235x132.jpg 235w, https:\/\/www.diarioimagen.net\/wp-content\/uploads\/2016\/09\/TULTEPEC-2949-202x114.jpg 202w, https:\/\/www.diarioimagen.net\/wp-content\/uploads\/2016\/09\/TULTEPEC-2949-220x123.jpg 220w, https:\/\/www.diarioimagen.net\/wp-content\/uploads\/2016\/09\/TULTEPEC-2949.jpg 900w\" sizes=\"auto, (max-width: 420px) 100vw, 420px\" \/><\/a><p id=\"caption-attachment-287930\" class=\"wp-caption-text\">Mar\u00eda F\u00e9lix Espinosa Hern\u00e1ndez, presidenta del DIF municipal, entreg\u00f3 lentes a adultos mayores.<\/p><\/div>\n<p>&nbsp;<\/p>\n<p><strong>Tultepec, Estado de M\u00e9xico<\/strong>.- Con la entrega de 216 lentes para adultos mayores, la presidenta del DIF, Mar\u00eda F\u00e9lix Espinosa Hern\u00e1ndez, en coordinaci\u00f3n con el DIFEM, reiter\u00f3 su compromiso de continuar trabajando y haciendo las gestiones necesarias para conseguir apoyos a favor de quienes m\u00e1s lo necesitan.<\/p>\n<p>La titular del DIF reconoci\u00f3 el importante apoyo del gobierno estatal, a trav\u00e9s del DIFEM para hacer posible estos beneficios, en coordinaci\u00f3n con el DIF local, con el objetivo de mejorar la calidad de vida de quienes m\u00e1s lo necesitan.<\/p>\n<p>El trabajo que aqu\u00ed se realiza est\u00e1 enfocado en beneficiar a personas con capacidades diferentes, adultos mayores, madres que viven solas y en general, personas de escasos recursos.<\/p>\n<p>\u201cCabe se\u00f1alar que este apoyo es producto de la gesti\u00f3n, trabajo y esfuerzo que d\u00eda a d\u00eda realiza el equipo del DIF municipal para favorecer sus necesidades y para hacerles saber que no est\u00e1n solos\u201d.<\/p>\n<p>La presidenta del DIF explic\u00f3 que estos 216 pares de lentes son posibles por el esfuerzo solidario de Isis \u00c1vila Mu\u00f1oz, presidenta honoraria del DIFEM, como un est\u00edmulo para que los adultos mayores sigan participando de la vida social con sus familias y dentro del municipio.<\/p>\n<p>Los 216 adultos mayores beneficiados, son habitantes de todas las comunidades del territorio municipal, y el \u00fanico requisito para recibir sus lentes fue ser mayor de 60 a\u00f1os y haberse inscrito durante un evento realizado por el DIFEM en marzo pasado, presentando una copia de su credencial de elector y la CURP.<\/p>\n<p>Estos apoyos adem\u00e1s de facilitar la vida cotidiana a los adultos mayores, significaron un ahorro para sus familias de mil 800 a 2 mil pesos, que es el costo aproximado de los lentes que recibieron.<\/p>\n<p>&nbsp;<\/p>\n","protected":false},"excerpt":{"rendered":"<p>Con la entrega de 216 lentes para adultos mayores, la presidenta del DIF, Mar\u00eda F\u00e9lix Espinosa Hern\u00e1ndez, en coordinaci\u00f3n con el DIFEM, reiter\u00f3 su compromiso de continuar trabajando y haciendo las gestiones necesarias para conseguir apoyos a favor de quienes m\u00e1s lo necesitan.<\/p>\n","protected":false},"author":3,"featured_media":287930,"comment_status":"open","ping_status":"open","sticky":false,"template":"","format":"standard","meta":{"_monsterinsights_skip_tracking":false,"_monsterinsights_sitenote_active":false,"_monsterinsights_sitenote_note":"","_monsterinsights_sitenote_category":0,"footnotes":""},"categories":[35155],"tags":[43675,3802],"class_list":["post-287850","post","type-post","status-publish","format-standard","has-post-thumbnail","hentry","category-estado-de-mexico-estado-de-mexico","tag-estado-de-mexico","tag-tultepec"],"_links":{"self":[{"href":"https:\/\/www.diarioimagen.net\/index.php?rest_route=\/wp\/v2\/posts\/287850","targetHints":{"allow":["GET"]}}],"collection":[{"href":"https:\/\/www.diarioimagen.net\/index.php?rest_route=\/wp\/v2\/posts"}],"about":[{"href":"https:\/\/www.diarioimagen.net\/index.php?rest_route=\/wp\/v2\/types\/post"}],"author":[{"embeddable":true,"href":"https:\/\/www.diarioimagen.net\/index.php?rest_route=\/wp\/v2\/users\/3"}],"replies":[{"embeddable":true,"href":"https:\/\/www.diarioimagen.net\/index.php?rest_route=%2Fwp%2Fv2%2Fcomments&post=287850"}],"version-history":[{"count":0,"href":"https:\/\/www.diarioimagen.net\/index.php?rest_route=\/wp\/v2\/posts\/287850\/revisions"}],"wp:featuredmedia":[{"embeddable":true,"href":"https:\/\/www.diarioimagen.net\/index.php?rest_route=\/wp\/v2\/media\/287930"}],"wp:attachment":[{"href":"https:\/\/www.diarioimagen.net\/index.php?rest_route=%2Fwp%2Fv2%2Fmedia&parent=287850"}],"wp:term":[{"taxonomy":"category","embeddable":true,"href":"https:\/\/www.diarioimagen.net\/index.php?rest_route=%2Fwp%2Fv2%2Fcategories&post=287850"},{"taxonomy":"post_tag","embeddable":true,"href":"https:\/\/www.diarioimagen.net\/index.php?rest_route=%2Fwp%2Fv2%2Ftags&post=287850"}],"curies":[{"name":"wp","href":"https:\/\/api.w.org\/{rel}","templated":true}]}}