{"id":287852,"date":"2016-09-07T00:02:38","date_gmt":"2016-09-07T05:02:38","guid":{"rendered":"http:\/\/www.diarioimagen.net\/?p=287852"},"modified":"2016-09-07T04:34:12","modified_gmt":"2016-09-07T09:34:12","slug":"el-diputado-pablo-peralta-garcia-festeja-a-abuelos-huixquiluquenses","status":"publish","type":"post","link":"https:\/\/www.diarioimagen.net\/?p=287852","title":{"rendered":"El diputado Pablo Peralta Garc\u00eda festeja a abuelos huixquiluquenses"},"content":{"rendered":"<ul>\n<li><strong><em>Reconoce su papel en la familia<\/em><\/strong><\/li>\n<\/ul>\n<p>&nbsp;<\/p>\n<div id=\"attachment_287933\" style=\"width: 307px\" class=\"wp-caption alignleft\"><a href=\"http:\/\/www.diarioimagen.net\/?attachment_id=287933\" rel=\"attachment wp-att-287933\"><img loading=\"lazy\" decoding=\"async\" aria-describedby=\"caption-attachment-287933\" class=\" wp-image-287933\" src=\"http:\/\/www.diarioimagen.net\/wp-content\/uploads\/2016\/09\/HUIXQUILUCAN-2949-1-389x420.jpg\" alt=\"El diputado local, Pablo Peralta Garc\u00eda, festej\u00f3 a 350 adultos mayores con motivo del D\u00eda del Abuelo.\" width=\"297\" height=\"321\" srcset=\"https:\/\/www.diarioimagen.net\/wp-content\/uploads\/2016\/09\/HUIXQUILUCAN-2949-1-389x420.jpg 389w, https:\/\/www.diarioimagen.net\/wp-content\/uploads\/2016\/09\/HUIXQUILUCAN-2949-1-222x240.jpg 222w, https:\/\/www.diarioimagen.net\/wp-content\/uploads\/2016\/09\/HUIXQUILUCAN-2949-1.jpg 720w\" sizes=\"auto, (max-width: 297px) 100vw, 297px\" \/><\/a><p id=\"caption-attachment-287933\" class=\"wp-caption-text\">El diputado local, Pablo Peralta Garc\u00eda, festej\u00f3 a 350 adultos mayores con motivo del D\u00eda del Abuelo.<\/p><\/div>\n<p><strong>Huixquilucan, Estado de M\u00e9xico<\/strong>.-\u00a0 M\u00e1s de 350 adultos mayores fueron festejados por el diputado local, Pablo Peralta Garc\u00eda, con motivo del D\u00eda del Abuelo.<\/p>\n<p>El sal\u00f3n de fiestas \u201cLos Gallos\u201d, en Huixquilucan, fue la sede en la que los invitados del legislador por el distrito 17 de este municipio desayunaron, bailaron y se divirtieron.<\/p>\n<p>Cada uno de los abuelitos pertenece a los clubes de la tercera edad de Magdalena, Zacamulpa, San Bartolito, Pedregal, San Crist\u00f3bal y San Francisco Ayotuxco, Loma del Carmen, Federal Burocr\u00e1tica, El Arenal y El Mirador.<\/p>\n<p>Acompa\u00f1ado por coordinadoras de los Clubes de la Tercera Edad, Pablo Peralta felicit\u00f3 y reconoci\u00f3 a las y los festejados \u201cpor sus aportaciones en el n\u00facleo familiar y en toda la sociedad, como ejemplos de vida, experiencia y sabidur\u00eda\u201d.<\/p>\n<p>En el evento, el representante social entreg\u00f3 canastas alimentarias, cobijas y presentes a los festejados.<\/p>\n<p>Finalmente, reconoci\u00f3 y agradeci\u00f3 al gobernador Erucviel \u00c1vila Villegas por las obras y acciones que realiza a favor de los adultos mayores, como es el caso de la Cl\u00ednica Geri\u00e1trica inaugurada este a\u00f1o en Huixquilucan.<\/p>\n<p>&nbsp;<\/p>\n","protected":false},"excerpt":{"rendered":"<p>M\u00e1s de 350 adultos mayores fueron festejados por el diputado local, Pablo Peralta Garc\u00eda, con motivo del D\u00eda del Abuelo.<\/p>\n","protected":false},"author":3,"featured_media":287933,"comment_status":"open","ping_status":"open","sticky":false,"template":"","format":"standard","meta":{"_monsterinsights_skip_tracking":false,"_monsterinsights_sitenote_active":false,"_monsterinsights_sitenote_note":"","_monsterinsights_sitenote_category":0,"footnotes":""},"categories":[35155],"tags":[43675,1097,53737],"class_list":["post-287852","post","type-post","status-publish","format-standard","has-post-thumbnail","hentry","category-estado-de-mexico-estado-de-mexico","tag-estado-de-mexico","tag-huixquilucan","tag-pablo-peralta-garcia"],"_links":{"self":[{"href":"https:\/\/www.diarioimagen.net\/index.php?rest_route=\/wp\/v2\/posts\/287852","targetHints":{"allow":["GET"]}}],"collection":[{"href":"https:\/\/www.diarioimagen.net\/index.php?rest_route=\/wp\/v2\/posts"}],"about":[{"href":"https:\/\/www.diarioimagen.net\/index.php?rest_route=\/wp\/v2\/types\/post"}],"author":[{"embeddable":true,"href":"https:\/\/www.diarioimagen.net\/index.php?rest_route=\/wp\/v2\/users\/3"}],"replies":[{"embeddable":true,"href":"https:\/\/www.diarioimagen.net\/index.php?rest_route=%2Fwp%2Fv2%2Fcomments&post=287852"}],"version-history":[{"count":0,"href":"https:\/\/www.diarioimagen.net\/index.php?rest_route=\/wp\/v2\/posts\/287852\/revisions"}],"wp:featuredmedia":[{"embeddable":true,"href":"https:\/\/www.diarioimagen.net\/index.php?rest_route=\/wp\/v2\/media\/287933"}],"wp:attachment":[{"href":"https:\/\/www.diarioimagen.net\/index.php?rest_route=%2Fwp%2Fv2%2Fmedia&parent=287852"}],"wp:term":[{"taxonomy":"category","embeddable":true,"href":"https:\/\/www.diarioimagen.net\/index.php?rest_route=%2Fwp%2Fv2%2Fcategories&post=287852"},{"taxonomy":"post_tag","embeddable":true,"href":"https:\/\/www.diarioimagen.net\/index.php?rest_route=%2Fwp%2Fv2%2Ftags&post=287852"}],"curies":[{"name":"wp","href":"https:\/\/api.w.org\/{rel}","templated":true}]}}