{"id":287864,"date":"2016-09-07T00:02:30","date_gmt":"2016-09-07T05:02:30","guid":{"rendered":"http:\/\/www.diarioimagen.net\/?p=287864"},"modified":"2016-09-08T00:43:24","modified_gmt":"2016-09-08T05:43:24","slug":"osorio-se-reune-con-empresarios-afectados","status":"publish","type":"post","link":"https:\/\/www.diarioimagen.net\/?p=287864","title":{"rendered":"Osorio se re\u00fane con empresarios afectados"},"content":{"rendered":"<ul>\n<li><strong><em>Por bloqueos en Oaxaca<\/em><\/strong><\/li>\n<\/ul>\n<p>&nbsp;<\/p>\n<div id=\"attachment_287947\" style=\"width: 430px\" class=\"wp-caption aligncenter\"><a href=\"http:\/\/www.diarioimagen.net\/?attachment_id=287947\" rel=\"attachment wp-att-287947\"><img loading=\"lazy\" decoding=\"async\" aria-describedby=\"caption-attachment-287947\" class=\"size-large wp-image-287947\" src=\"http:\/\/www.diarioimagen.net\/wp-content\/uploads\/2016\/09\/OSORIO-2949-420x236.jpg\" alt=\"Miguel \u00c1ngel Osorio Chong se reuni\u00f3 con empresarios y representantes de la sociedad civil de Oaxaca.\" width=\"420\" height=\"236\" srcset=\"https:\/\/www.diarioimagen.net\/wp-content\/uploads\/2016\/09\/OSORIO-2949-420x236.jpg 420w, https:\/\/www.diarioimagen.net\/wp-content\/uploads\/2016\/09\/OSORIO-2949-240x135.jpg 240w, https:\/\/www.diarioimagen.net\/wp-content\/uploads\/2016\/09\/OSORIO-2949-235x132.jpg 235w, https:\/\/www.diarioimagen.net\/wp-content\/uploads\/2016\/09\/OSORIO-2949-202x114.jpg 202w, https:\/\/www.diarioimagen.net\/wp-content\/uploads\/2016\/09\/OSORIO-2949-350x196.jpg 350w, https:\/\/www.diarioimagen.net\/wp-content\/uploads\/2016\/09\/OSORIO-2949-220x123.jpg 220w, https:\/\/www.diarioimagen.net\/wp-content\/uploads\/2016\/09\/OSORIO-2949-237x132.jpg 237w, https:\/\/www.diarioimagen.net\/wp-content\/uploads\/2016\/09\/OSORIO-2949.jpg 480w\" sizes=\"auto, (max-width: 420px) 100vw, 420px\" \/><\/a><p id=\"caption-attachment-287947\" class=\"wp-caption-text\">Miguel \u00c1ngel Osorio Chong se reuni\u00f3 con empresarios y representantes de la sociedad civil de Oaxaca.<\/p><\/div>\n<p>&nbsp;<\/p>\n<p>El secretario de Gobernaci\u00f3n, Miguel \u00c1ngel Osorio Chong, se reuni\u00f3 con empresarios y representantes de la sociedad civil de Oaxaca, con el fin de establecer rutas de soluci\u00f3n a los conflictos que aquejan aquella entidad.<\/p>\n<p>El responsable de la pol\u00edtica interior del pa\u00eds expuso a los integrantes de los sectores productivos del estado que el prop\u00f3sito del encuentro era generar mecanismos y acciones de soluci\u00f3n duradera en beneficio de la econom\u00eda, paz y desarrollo para los oaxaque\u00f1os.<\/p>\n<p>En el sal\u00f3n Ju\u00e1rez de la dependencia, los empresarios manifestaron al titular de Gobernaci\u00f3n su inter\u00e9s de sumar esfuerzos y ser parte de la soluci\u00f3n integral a la problem\u00e1tica que viven en su entidad.<\/p>\n<p>En este sentido, el secretario Osorio Chong les reiter\u00f3 su disposici\u00f3n y compromiso de mantener el di\u00e1logo y trabajar en favor de la sociedad de Oaxaca.<\/p>\n<p>En el evento participaron la diputada Mariana Ben\u00edtez Tiburcio; Esther Merino Badiola, de la Alianza Comercial Empresarial; el presidente de la C\u00e1mara Nacional de la Industria de la Transformaci\u00f3n en Oaxaca, Jes\u00fas Rodr\u00edguez Socorro, y Jos\u00e9 Eugenio Ramos Sarabia, de la CANAINMA.<\/p>\n<p>Asistieron adem\u00e1s el coordinador de asesores del secretario de Gobernaci\u00f3n, Guillermo Lerdo de Tejada; el presidente de la C\u00e1mara Mexicana de la Industria de la Construcci\u00f3n Oaxaca, Orlando Emilio Hern\u00e1ndez Montes, as\u00ed como empresarios de diversos sectores.<\/p>\n<p style=\"text-align: center;\"><strong>Contin\u00faan bloqueos en Oaxaca<\/strong><\/p>\n<p>Mientras tanto, estudiantes normalistas de Oaxaca retuvieron cuatro camiones de empresas privadas, los cuales emplearon para bloquear avenida Universidad.<\/p>\n<p>Los j\u00f3venes tomaron los accesos a la Plaza del Valle y atravesaron las unidades en los ocho carriles de la v\u00eda localizada al sur de la capital oaxaque\u00f1a.<\/p>\n<p>Las unidades tomadas son un autob\u00fas y camiones repartidores de refrescos, pan y abarrotes.<\/p>\n<p>Los manifestantes exigen se les asignen plazas docentes de manera autom\u00e1tica, sin presentar la evaluaci\u00f3n que exige la Ley del Servicio Profesional Docente.<\/p>\n<p>&nbsp;<\/p>\n","protected":false},"excerpt":{"rendered":"<p>El secretario de Gobernaci\u00f3n, Miguel \u00c1ngel Osorio Chong, se reuni\u00f3 con empresarios y representantes de la sociedad civil de Oaxaca, con el fin de establecer rutas de soluci\u00f3n a los conflictos que aquejan aquella entidad.<\/p>\n","protected":false},"author":3,"featured_media":287947,"comment_status":"open","ping_status":"open","sticky":false,"template":"","format":"standard","meta":{"_monsterinsights_skip_tracking":false,"_monsterinsights_sitenote_active":false,"_monsterinsights_sitenote_note":"","_monsterinsights_sitenote_category":0,"footnotes":""},"categories":[3],"tags":[1965,3676,43673],"class_list":["post-287864","post","type-post","status-publish","format-standard","has-post-thumbnail","hentry","category-nacional","tag-afectados","tag-miguel-angel-osorio-chong","tag-nacional"],"_links":{"self":[{"href":"https:\/\/www.diarioimagen.net\/index.php?rest_route=\/wp\/v2\/posts\/287864","targetHints":{"allow":["GET"]}}],"collection":[{"href":"https:\/\/www.diarioimagen.net\/index.php?rest_route=\/wp\/v2\/posts"}],"about":[{"href":"https:\/\/www.diarioimagen.net\/index.php?rest_route=\/wp\/v2\/types\/post"}],"author":[{"embeddable":true,"href":"https:\/\/www.diarioimagen.net\/index.php?rest_route=\/wp\/v2\/users\/3"}],"replies":[{"embeddable":true,"href":"https:\/\/www.diarioimagen.net\/index.php?rest_route=%2Fwp%2Fv2%2Fcomments&post=287864"}],"version-history":[{"count":0,"href":"https:\/\/www.diarioimagen.net\/index.php?rest_route=\/wp\/v2\/posts\/287864\/revisions"}],"wp:featuredmedia":[{"embeddable":true,"href":"https:\/\/www.diarioimagen.net\/index.php?rest_route=\/wp\/v2\/media\/287947"}],"wp:attachment":[{"href":"https:\/\/www.diarioimagen.net\/index.php?rest_route=%2Fwp%2Fv2%2Fmedia&parent=287864"}],"wp:term":[{"taxonomy":"category","embeddable":true,"href":"https:\/\/www.diarioimagen.net\/index.php?rest_route=%2Fwp%2Fv2%2Fcategories&post=287864"},{"taxonomy":"post_tag","embeddable":true,"href":"https:\/\/www.diarioimagen.net\/index.php?rest_route=%2Fwp%2Fv2%2Ftags&post=287864"}],"curies":[{"name":"wp","href":"https:\/\/api.w.org\/{rel}","templated":true}]}}