{"id":288018,"date":"2016-09-07T19:02:10","date_gmt":"2016-09-08T00:02:10","guid":{"rendered":"http:\/\/www.diarioimagen.net\/?p=288018"},"modified":"2016-09-09T00:15:52","modified_gmt":"2016-09-09T05:15:52","slug":"entrega-difem-lentes-bastones-y-aparatos-auditivos","status":"publish","type":"post","link":"https:\/\/www.diarioimagen.net\/?p=288018","title":{"rendered":"Entrega DIFEM lentes, bastones y aparatos auditivos"},"content":{"rendered":"<ul>\n<li><em><strong>A 2 mil abuelitos mexiquenses<\/strong><\/em><\/li>\n<\/ul>\n<p>&nbsp;<\/p>\n<div id=\"attachment_288019\" style=\"width: 430px\" class=\"wp-caption aligncenter\"><a href=\"http:\/\/www.diarioimagen.net\/?attachment_id=288019\" rel=\"attachment wp-att-288019\"><img loading=\"lazy\" decoding=\"async\" aria-describedby=\"caption-attachment-288019\" class=\"size-large wp-image-288019\" src=\"http:\/\/www.diarioimagen.net\/wp-content\/uploads\/2016\/09\/DIFEM8-portal-420x245.jpg\" alt=\"Isis \u00c1vila Mu\u00f1oz, presidenta honoraria del DIFEM, entreg\u00f3 apoyos visuales y funcionales a 2 mil abuelitas y abuelitos mexiquenses.\" width=\"420\" height=\"245\" srcset=\"https:\/\/www.diarioimagen.net\/wp-content\/uploads\/2016\/09\/DIFEM8-portal-420x245.jpg 420w, https:\/\/www.diarioimagen.net\/wp-content\/uploads\/2016\/09\/DIFEM8-portal-240x140.jpg 240w, https:\/\/www.diarioimagen.net\/wp-content\/uploads\/2016\/09\/DIFEM8-portal.jpg 480w\" sizes=\"auto, (max-width: 420px) 100vw, 420px\" \/><\/a><p id=\"caption-attachment-288019\" class=\"wp-caption-text\">Isis \u00c1vila Mu\u00f1oz, presidenta honoraria del DIFEM, entreg\u00f3 apoyos visuales y funcionales a 2 mil abuelitas y abuelitos mexiquenses.<\/p><\/div>\n<p>&nbsp;<\/p>\n<p>Ecatepec, Mex.- Con la finalidad de ayudar a mejorar la calidad de vida de 2 mil abuelitas y abuelitos mexiquenses, Isis \u00c1vila Mu\u00f1oz, presidenta honoraria del DIF mexiquense, entreg\u00f3 el mismo n\u00famero de apoyos visuales y funcionales a este sector de la poblaci\u00f3n, el cual adem\u00e1s de permitirles un ahorro en su econom\u00eda familiar tambi\u00e9n les ayuda a prevenir el incremento de problem\u00e1ticas que afecten su salud.<\/p>\n<p>Acompa\u00f1ada de Indalecio R\u00edos Vel\u00e1zquez y T\u00e1bata Muci\u00f1o Rojas, presidente municipal y presidenta del DIF, de Ecatepec, respectivamente, la titular del organismo entreg\u00f3 lentes, sillas de ruedas, bastones, aparatos auditivos, andaderas, pa\u00f1ales y cobijas, a personas de la tercera edad de municipios conurbados del Valle de M\u00e9xico.<\/p>\n<p>\u00abUstedes, mis abuelitos tienen mucho que compartir y disfrutar haciendo lo que m\u00e1s les guste, por ello es importantes brindarles las herramientas que los ayuden a realizarse, alimentar sus sue\u00f1os y vivir con dignidad\u00bb, se\u00f1al\u00f3.<\/p>\n<p>Durante este encuentro realizado en el marco de los festejos del D\u00eda del Adulto Mayor, y en el que tambi\u00e9n se cont\u00f3 con la presencia de Elizabeth D\u00e1vila Ch\u00e1vez, directora general del Instituto de Salud del Estado de M\u00e9xico y de Norma Ponce Orozco, vocal ejecutiva del Consejo Estatal de la Mujer y Bienestar Social, Isis \u00c1vila entreg\u00f3 equipos de herramientas a adultos mayores que han sido capacitados gratuitamente en oficios plomer\u00eda, electricidad y construcci\u00f3n.<\/p>\n<p>Asimismo, refiri\u00f3 que las abuelitas y abuelitos son fuente de sabidur\u00eda e inspiraci\u00f3n para la sociedad, por ello el Gobierno del Estado de M\u00e9xico, con apoyo del gobierno federal y municipal, ejecuta diversas acciones para que el cumplir 60 a\u00f1os o m\u00e1s, no sea un impedimento para concretar sue\u00f1os y proyectos como aprender alg\u00fan oficio que genere un ingreso econ\u00f3mico, practicar deporte, estudiar, bailar, pasear y dem\u00e1s actividades que deseen realizar.<\/p>\n<p>En ese sentido, los invit\u00f3 a asistir a las actividades y servicios que se brindan en las 112 Casas de D\u00eda del Adulto Mayor que operan en territorio mexiquense en donde se brinda atenci\u00f3n psicol\u00f3gica, m\u00e9dica, odontol\u00f3gica, jur\u00eddica, as\u00ed como talleres de manualidades, yoga, baile, guitarra, y dem\u00e1s actividades recreativas.<\/p>\n<p>Por su parte, Indalecio R\u00edos Vel\u00e1zquez y T\u00e1bata Muci\u00f1o Rojas, agradecieron el apoyo del gobierno estatal para consolidar obras y programas que contribuyen a resarcir el tejido social, integrar a la familia y elevar la calidad de vida de la poblaci\u00f3n mexiquense.<\/p>\n","protected":false},"excerpt":{"rendered":"<p>Con la finalidad de ayudar a mejorar la calidad de vida de 2 mil abuelitas y abuelitos mexiquenses, Isis \u00c1vila Mu\u00f1oz, presidenta honoraria del DIF mexiquense, entreg\u00f3 el mismo n\u00famero de apoyos visuales y funcionales a este sector de la poblaci\u00f3n, el cual adem\u00e1s de permitirles un ahorro en su econom\u00eda familiar tambi\u00e9n les ayuda a prevenir el incremento de problem\u00e1ticas que afecten su salud.<\/p>\n","protected":false},"author":5,"featured_media":288019,"comment_status":"open","ping_status":"open","sticky":false,"template":"","format":"standard","meta":{"_monsterinsights_skip_tracking":false,"_monsterinsights_sitenote_active":false,"_monsterinsights_sitenote_note":"","_monsterinsights_sitenote_category":0,"footnotes":""},"categories":[35155],"tags":[25912,394,28207],"class_list":["post-288018","post","type-post","status-publish","format-standard","has-post-thumbnail","hentry","category-estado-de-mexico-estado-de-mexico","tag-aparatos-auditivos","tag-difem","tag-isis-avila-munoz"],"_links":{"self":[{"href":"https:\/\/www.diarioimagen.net\/index.php?rest_route=\/wp\/v2\/posts\/288018","targetHints":{"allow":["GET"]}}],"collection":[{"href":"https:\/\/www.diarioimagen.net\/index.php?rest_route=\/wp\/v2\/posts"}],"about":[{"href":"https:\/\/www.diarioimagen.net\/index.php?rest_route=\/wp\/v2\/types\/post"}],"author":[{"embeddable":true,"href":"https:\/\/www.diarioimagen.net\/index.php?rest_route=\/wp\/v2\/users\/5"}],"replies":[{"embeddable":true,"href":"https:\/\/www.diarioimagen.net\/index.php?rest_route=%2Fwp%2Fv2%2Fcomments&post=288018"}],"version-history":[{"count":0,"href":"https:\/\/www.diarioimagen.net\/index.php?rest_route=\/wp\/v2\/posts\/288018\/revisions"}],"wp:featuredmedia":[{"embeddable":true,"href":"https:\/\/www.diarioimagen.net\/index.php?rest_route=\/wp\/v2\/media\/288019"}],"wp:attachment":[{"href":"https:\/\/www.diarioimagen.net\/index.php?rest_route=%2Fwp%2Fv2%2Fmedia&parent=288018"}],"wp:term":[{"taxonomy":"category","embeddable":true,"href":"https:\/\/www.diarioimagen.net\/index.php?rest_route=%2Fwp%2Fv2%2Fcategories&post=288018"},{"taxonomy":"post_tag","embeddable":true,"href":"https:\/\/www.diarioimagen.net\/index.php?rest_route=%2Fwp%2Fv2%2Ftags&post=288018"}],"curies":[{"name":"wp","href":"https:\/\/api.w.org\/{rel}","templated":true}]}}