{"id":288081,"date":"2016-09-08T00:07:33","date_gmt":"2016-09-08T05:07:33","guid":{"rendered":"http:\/\/www.diarioimagen.net\/?p=288081"},"modified":"2016-09-08T06:44:37","modified_gmt":"2016-09-08T11:44:37","slug":"comienza-regularizacion-de-inmuebles-en-tultepec","status":"publish","type":"post","link":"https:\/\/www.diarioimagen.net\/?p=288081","title":{"rendered":"Comienza regularizaci\u00f3n de inmuebles en Tultepec"},"content":{"rendered":"<ul>\n<li><strong><em>Tr\u00e1mites a bajo costo<\/em><\/strong><\/li>\n<\/ul>\n<p>&nbsp;<\/p>\n<div id=\"attachment_288160\" style=\"width: 430px\" class=\"wp-caption aligncenter\"><a href=\"http:\/\/www.diarioimagen.net\/?attachment_id=288160\" rel=\"attachment wp-att-288160\"><img loading=\"lazy\" decoding=\"async\" aria-describedby=\"caption-attachment-288160\" class=\"size-large wp-image-288160\" src=\"http:\/\/www.diarioimagen.net\/wp-content\/uploads\/2016\/09\/TULTEPEC-2950-420x236.jpg\" alt=\"Inici\u00f3 el Programa de Regularizaci\u00f3n de la Tenencia de la Tierra en el municipio de Tultepec.\" width=\"420\" height=\"236\" srcset=\"https:\/\/www.diarioimagen.net\/wp-content\/uploads\/2016\/09\/TULTEPEC-2950-420x236.jpg 420w, https:\/\/www.diarioimagen.net\/wp-content\/uploads\/2016\/09\/TULTEPEC-2950-240x135.jpg 240w, https:\/\/www.diarioimagen.net\/wp-content\/uploads\/2016\/09\/TULTEPEC-2950-235x132.jpg 235w, https:\/\/www.diarioimagen.net\/wp-content\/uploads\/2016\/09\/TULTEPEC-2950-202x114.jpg 202w, https:\/\/www.diarioimagen.net\/wp-content\/uploads\/2016\/09\/TULTEPEC-2950-350x196.jpg 350w, https:\/\/www.diarioimagen.net\/wp-content\/uploads\/2016\/09\/TULTEPEC-2950-220x123.jpg 220w, https:\/\/www.diarioimagen.net\/wp-content\/uploads\/2016\/09\/TULTEPEC-2950-237x132.jpg 237w, https:\/\/www.diarioimagen.net\/wp-content\/uploads\/2016\/09\/TULTEPEC-2950.jpg 480w\" sizes=\"auto, (max-width: 420px) 100vw, 420px\" \/><\/a><p id=\"caption-attachment-288160\" class=\"wp-caption-text\">Inici\u00f3 el Programa de Regularizaci\u00f3n de la Tenencia de la Tierra en el municipio de Tultepec.<\/p><\/div>\n<p>&nbsp;<\/p>\n<p><strong>Tultepec, Estado de M\u00e9xico<\/strong>.- Con el objetivo de brindar certeza jur\u00eddica sobre sus inmuebles, el cabildo autoriz\u00f3 a la Jefatura de la Regularizaci\u00f3n de la Propiedad Privada, iniciar un Programa de Regularizaci\u00f3n de la Tenencia de la Tierra, en coordinaci\u00f3n con el Instituto de la Funci\u00f3n Registral del Estado de M\u00e9xico, para considerar a bajo costo los tr\u00e1mites de inmatriculaci\u00f3n administrativa que sean gestionados en Tultepec.<\/p>\n<p>Esto, con la finalidad de que los ciudadanos tultepequenses que realicen este tr\u00e1mite a trav\u00e9s de esta dependencia paguen \u00fanicamente lo que marca el C\u00f3digo Financiero de Subsidios, en este caso estamos hablando de 611 pesos, siempre y cuando el inmueble no supere los mil metros cuadrados.<\/p>\n<p>Betzab\u00e9 Urb\u00e1n Cervantes, jefa de la oficina de Regularizaci\u00f3n de la Propiedad Privada, explic\u00f3 como ejemplo, que por un inmueble de 100 metros cuadrados con un valor catastral de 240 mil pesos, sin subsidio se estar\u00eda pagando cerca de 14 mil pesos, sin embargo, con este programa se pagar\u00edan s\u00f3lo 611 pesos, lo que hace viable el tr\u00e1mite de inmatriculaci\u00f3n.<\/p>\n<p>Precis\u00f3 que este programa es posible, gracias a las gestiones y sensibilidad del alcalde Armando Portuguez Fuentes, en el sentido de apoyar la econom\u00eda de las familias de Tultepec y fomentar un crecimiento urbano ordenado en el territorio municipal.<\/p>\n<p>\u201cMuchas veces, aunque la gente quiera regularizarse, no cuenta con recursos econ\u00f3micos suficientes, y por ello se lleva a cabo este programa, con la intenci\u00f3n de beneficiar y regularizar la mayor cantidad de bienes inmuebles a favor de la ciudadan\u00eda de Tultepec\u201d, dijo la funcionaria.<\/p>\n<p>&nbsp;<\/p>\n","protected":false},"excerpt":{"rendered":"<p>Con el objetivo de brindar certeza jur\u00eddica sobre sus inmuebles, el cabildo autoriz\u00f3 a la Jefatura de la Regularizaci\u00f3n de la Propiedad Privada, iniciar un Programa de Regularizaci\u00f3n de la Tenencia de la Tierra, en coordinaci\u00f3n con el Instituto de la Funci\u00f3n Registral del Estado de M\u00e9xico, para considerar a bajo costo los tr\u00e1mites de inmatriculaci\u00f3n administrativa que sean gestionados en Tultepec.<\/p>\n","protected":false},"author":3,"featured_media":288160,"comment_status":"open","ping_status":"open","sticky":false,"template":"","format":"standard","meta":{"_monsterinsights_skip_tracking":false,"_monsterinsights_sitenote_active":false,"_monsterinsights_sitenote_note":"","_monsterinsights_sitenote_category":0,"footnotes":""},"categories":[35155],"tags":[43675,49640,47931,3802],"class_list":["post-288081","post","type-post","status-publish","format-standard","has-post-thumbnail","hentry","category-estado-de-mexico-estado-de-mexico","tag-estado-de-mexico","tag-inmueble","tag-regularizacion","tag-tultepec"],"_links":{"self":[{"href":"https:\/\/www.diarioimagen.net\/index.php?rest_route=\/wp\/v2\/posts\/288081","targetHints":{"allow":["GET"]}}],"collection":[{"href":"https:\/\/www.diarioimagen.net\/index.php?rest_route=\/wp\/v2\/posts"}],"about":[{"href":"https:\/\/www.diarioimagen.net\/index.php?rest_route=\/wp\/v2\/types\/post"}],"author":[{"embeddable":true,"href":"https:\/\/www.diarioimagen.net\/index.php?rest_route=\/wp\/v2\/users\/3"}],"replies":[{"embeddable":true,"href":"https:\/\/www.diarioimagen.net\/index.php?rest_route=%2Fwp%2Fv2%2Fcomments&post=288081"}],"version-history":[{"count":0,"href":"https:\/\/www.diarioimagen.net\/index.php?rest_route=\/wp\/v2\/posts\/288081\/revisions"}],"wp:featuredmedia":[{"embeddable":true,"href":"https:\/\/www.diarioimagen.net\/index.php?rest_route=\/wp\/v2\/media\/288160"}],"wp:attachment":[{"href":"https:\/\/www.diarioimagen.net\/index.php?rest_route=%2Fwp%2Fv2%2Fmedia&parent=288081"}],"wp:term":[{"taxonomy":"category","embeddable":true,"href":"https:\/\/www.diarioimagen.net\/index.php?rest_route=%2Fwp%2Fv2%2Fcategories&post=288081"},{"taxonomy":"post_tag","embeddable":true,"href":"https:\/\/www.diarioimagen.net\/index.php?rest_route=%2Fwp%2Fv2%2Ftags&post=288081"}],"curies":[{"name":"wp","href":"https:\/\/api.w.org\/{rel}","templated":true}]}}