{"id":288083,"date":"2016-09-08T00:06:16","date_gmt":"2016-09-08T05:06:16","guid":{"rendered":"http:\/\/www.diarioimagen.net\/?p=288083"},"modified":"2016-09-08T06:45:59","modified_gmt":"2016-09-08T11:45:59","slug":"asumen-nuevos-titulares-de-direcciones-en-tultitlan","status":"publish","type":"post","link":"https:\/\/www.diarioimagen.net\/?p=288083","title":{"rendered":"Asumen nuevos titulares de direcciones en Tultitl\u00e1n"},"content":{"rendered":"<ul>\n<li><strong><em>La encomienda, brindar servicios de calidad<\/em><\/strong><\/li>\n<\/ul>\n<p>&nbsp;<\/p>\n<div id=\"attachment_288163\" style=\"width: 430px\" class=\"wp-caption aligncenter\"><a href=\"http:\/\/www.diarioimagen.net\/?attachment_id=288163\" rel=\"attachment wp-att-288163\"><img loading=\"lazy\" decoding=\"async\" aria-describedby=\"caption-attachment-288163\" class=\"size-large wp-image-288163\" src=\"http:\/\/www.diarioimagen.net\/wp-content\/uploads\/2016\/09\/TULTITLAN-2950-420x236.jpg\" alt=\"El secretario del Ayuntamiento pidi\u00f3 a nuevos directores municipales brindar un trato directo, c\u00e1lido y eficiente a la ciudadan\u00eda.\" width=\"420\" height=\"236\" srcset=\"https:\/\/www.diarioimagen.net\/wp-content\/uploads\/2016\/09\/TULTITLAN-2950-420x236.jpg 420w, https:\/\/www.diarioimagen.net\/wp-content\/uploads\/2016\/09\/TULTITLAN-2950-240x135.jpg 240w, https:\/\/www.diarioimagen.net\/wp-content\/uploads\/2016\/09\/TULTITLAN-2950-235x132.jpg 235w, https:\/\/www.diarioimagen.net\/wp-content\/uploads\/2016\/09\/TULTITLAN-2950-202x114.jpg 202w, https:\/\/www.diarioimagen.net\/wp-content\/uploads\/2016\/09\/TULTITLAN-2950-350x196.jpg 350w, https:\/\/www.diarioimagen.net\/wp-content\/uploads\/2016\/09\/TULTITLAN-2950-220x123.jpg 220w, https:\/\/www.diarioimagen.net\/wp-content\/uploads\/2016\/09\/TULTITLAN-2950-237x132.jpg 237w, https:\/\/www.diarioimagen.net\/wp-content\/uploads\/2016\/09\/TULTITLAN-2950.jpg 480w\" sizes=\"auto, (max-width: 420px) 100vw, 420px\" \/><\/a><p id=\"caption-attachment-288163\" class=\"wp-caption-text\">El secretario del Ayuntamiento pidi\u00f3 a nuevos directores municipales brindar un trato directo, c\u00e1lido y eficiente a la ciudadan\u00eda.<\/p><\/div>\n<p>&nbsp;<\/p>\n<p><strong>Tultitl\u00e1n, Estado de M\u00e9xico.<\/strong>&#8211; Durante la vig\u00e9sima novena sesi\u00f3n\u00a0 ordinaria de cabildo, ante regidores, s\u00edndicos y autoridades municipales, los nuevos directores rindieron protesta con la encomienda de brindar servicios de calidad y dar a la ciudadan\u00eda buena atenci\u00f3n.<\/p>\n<p>En representaci\u00f3n del Ejecutivo local, el secretario del Ayuntamiento pidi\u00f3 a quienes tienen la responsabilidad p\u00fablica, brindar \u00a0un trato directo, c\u00e1lido, eficaz y eficiente a la ciudadan\u00eda.<\/p>\n<p>De igual manera, les pidi\u00f3 a los funcionarios identificar en cada \u00e1rea los temas prioritarios para atenderlos y dar funcionalidad a las instancias y que no sea el cambio de mandos un obst\u00e1culo en la atenci\u00f3n a la ciudadan\u00eda.<\/p>\n<p>Asimismo, dijo que el gobierno de Tultitl\u00e1n est\u00e1 comprometido con impulsar un municipio pr\u00f3spero, en donde cada director o coordinador\u00a0tenga el apoyo necesario para dar resultados a la ciudadan\u00eda y garantizar un municipio de calidad.<\/p>\n<p>De esta forma los cambios de titularidades quedaron \u00a0conformadas de la siguiente manera: en el Instituto Municipal de Cultura F\u00edsica y Deporte de Tultitl\u00e1n (IMCUFIDET) qued\u00f3 como titular, Martha Lizeth Escobar Velasco; en el Organismo P\u00fablico Descentralizado para la Prestaci\u00f3n de los Servicios de Agua Potable, Alcantarillado y Saneamiento de Tultitl\u00e1n, Mart\u00edn Guti\u00e9rrez Landeros; como titular de la Subsecretar\u00eda de Gobierno, Luis Mej\u00eda Valero, y en la Direcci\u00f3n General de Desarrollo Social,\u00a0Yunu\u00e9n Victoria Hern\u00e1ndez Valencia.<\/p>\n<p>&nbsp;<\/p>\n","protected":false},"excerpt":{"rendered":"<p>Durante la vig\u00e9sima novena sesi\u00f3n  ordinaria de cabildo, ante regidores, s\u00edndicos y autoridades municipales, los nuevos directores rindieron protesta con la encomienda de brindar servicios de calidad y dar a la ciudadan\u00eda buena atenci\u00f3n.<\/p>\n","protected":false},"author":3,"featured_media":288163,"comment_status":"open","ping_status":"open","sticky":false,"template":"","format":"standard","meta":{"_monsterinsights_skip_tracking":false,"_monsterinsights_sitenote_active":false,"_monsterinsights_sitenote_note":"","_monsterinsights_sitenote_category":0,"footnotes":""},"categories":[35155],"tags":[43675,578],"class_list":["post-288083","post","type-post","status-publish","format-standard","has-post-thumbnail","hentry","category-estado-de-mexico-estado-de-mexico","tag-estado-de-mexico","tag-tultitlan"],"_links":{"self":[{"href":"https:\/\/www.diarioimagen.net\/index.php?rest_route=\/wp\/v2\/posts\/288083","targetHints":{"allow":["GET"]}}],"collection":[{"href":"https:\/\/www.diarioimagen.net\/index.php?rest_route=\/wp\/v2\/posts"}],"about":[{"href":"https:\/\/www.diarioimagen.net\/index.php?rest_route=\/wp\/v2\/types\/post"}],"author":[{"embeddable":true,"href":"https:\/\/www.diarioimagen.net\/index.php?rest_route=\/wp\/v2\/users\/3"}],"replies":[{"embeddable":true,"href":"https:\/\/www.diarioimagen.net\/index.php?rest_route=%2Fwp%2Fv2%2Fcomments&post=288083"}],"version-history":[{"count":0,"href":"https:\/\/www.diarioimagen.net\/index.php?rest_route=\/wp\/v2\/posts\/288083\/revisions"}],"wp:featuredmedia":[{"embeddable":true,"href":"https:\/\/www.diarioimagen.net\/index.php?rest_route=\/wp\/v2\/media\/288163"}],"wp:attachment":[{"href":"https:\/\/www.diarioimagen.net\/index.php?rest_route=%2Fwp%2Fv2%2Fmedia&parent=288083"}],"wp:term":[{"taxonomy":"category","embeddable":true,"href":"https:\/\/www.diarioimagen.net\/index.php?rest_route=%2Fwp%2Fv2%2Fcategories&post=288083"},{"taxonomy":"post_tag","embeddable":true,"href":"https:\/\/www.diarioimagen.net\/index.php?rest_route=%2Fwp%2Fv2%2Ftags&post=288083"}],"curies":[{"name":"wp","href":"https:\/\/api.w.org\/{rel}","templated":true}]}}