{"id":288087,"date":"2016-09-08T00:04:40","date_gmt":"2016-09-08T05:04:40","guid":{"rendered":"http:\/\/www.diarioimagen.net\/?p=288087"},"modified":"2016-09-08T06:51:58","modified_gmt":"2016-09-08T11:51:58","slug":"firma-convenio-suteym-y-autoridades-naucalpenses","status":"publish","type":"post","link":"https:\/\/www.diarioimagen.net\/?p=288087","title":{"rendered":"Firma convenio SUTEyM y autoridades naucalpenses"},"content":{"rendered":"<ul>\n<li><strong><em>En beneficio de 4 mil sindicalizados<\/em><\/strong><\/li>\n<\/ul>\n<p>&nbsp;<\/p>\n<div id=\"attachment_288170\" style=\"width: 430px\" class=\"wp-caption aligncenter\"><a href=\"http:\/\/www.diarioimagen.net\/?attachment_id=288170\" rel=\"attachment wp-att-288170\"><img loading=\"lazy\" decoding=\"async\" aria-describedby=\"caption-attachment-288170\" class=\"size-large wp-image-288170\" src=\"http:\/\/www.diarioimagen.net\/wp-content\/uploads\/2016\/09\/NAUCALPAN-2950-420x236.jpg\" alt=\"Ren\u00e9 Palomares Parra convoc\u00f3 a todos y cada uno de los 4 mil sindicalizados\u00a0a mantenerse unidos.\" width=\"420\" height=\"236\" srcset=\"https:\/\/www.diarioimagen.net\/wp-content\/uploads\/2016\/09\/NAUCALPAN-2950-420x236.jpg 420w, https:\/\/www.diarioimagen.net\/wp-content\/uploads\/2016\/09\/NAUCALPAN-2950-240x135.jpg 240w, https:\/\/www.diarioimagen.net\/wp-content\/uploads\/2016\/09\/NAUCALPAN-2950-235x132.jpg 235w, https:\/\/www.diarioimagen.net\/wp-content\/uploads\/2016\/09\/NAUCALPAN-2950-202x114.jpg 202w, https:\/\/www.diarioimagen.net\/wp-content\/uploads\/2016\/09\/NAUCALPAN-2950-350x196.jpg 350w, https:\/\/www.diarioimagen.net\/wp-content\/uploads\/2016\/09\/NAUCALPAN-2950-220x123.jpg 220w, https:\/\/www.diarioimagen.net\/wp-content\/uploads\/2016\/09\/NAUCALPAN-2950-237x132.jpg 237w, https:\/\/www.diarioimagen.net\/wp-content\/uploads\/2016\/09\/NAUCALPAN-2950.jpg 480w\" sizes=\"auto, (max-width: 420px) 100vw, 420px\" \/><\/a><p id=\"caption-attachment-288170\" class=\"wp-caption-text\">Ren\u00e9 Palomares Parra convoc\u00f3 a todos y cada uno de los 4 mil sindicalizados\u00a0a mantenerse unidos.<\/p><\/div>\n<p>&nbsp;<\/p>\n<p><strong>Naucalpan, Estado de M\u00e9xico<\/strong>.-\u00a0 Despu\u00e9s de aproximadamente 8 meses de estar en pl\u00e1ticas \u00a0permanentes con la administraci\u00f3n que encabeza Edgar Olvera, trabajadores agremiados al Sindicato \u00danico de Trabajadores del Estado y sus Municipios (SUTEyM), manifestaron su benepl\u00e1cito \u00a0ya que \u00e9stas \u00a0concluyeron \u00a0al llegar finalmente a acuerdos laborales entre el sindicato, OAPAS y el gobierno municipal inform\u00f3 el dirigente de ese gremio.<\/p>\n<p>Ren\u00e9 Palomares Parra, durante una asamblea extraordinaria \u00a0realizada en la explanada del Palacio Municipal, \u00a0convoc\u00f3 a todos y cada uno de los poco m\u00e1s de 4 mil sindicalizados \u00a0a mantenerse unidos en \u00e9ste y futuros escenarios, \u00a0incluso para la renovaci\u00f3n del comit\u00e9 seccional que se avecina el pr\u00f3ximo mes.<\/p>\n<p>El tambi\u00e9n subsecretario del SUTEyM en el Estado de M\u00e9xico, insisti\u00f3 en se\u00f1alar que de ninguna manera y bajo ning\u00fan concepto \u00a0se permitir\u00e1 que \u201cfuerzas ajenas al sindicato, atenten en contra de lo que leg\u00edtimamente les corresponde a ellos \u00a0y a sus familias\u201d.<\/p>\n<p>El l\u00edder sindical abund\u00f3 que pese a \u00a0las mentiras, enga\u00f1os y la difamaci\u00f3n, se logr\u00f3 con la participaci\u00f3n de todos los trabajadores sindicalizados la firma del convenio laboral 2016 con un aumento del 7 por ciento al salario y 4.2 en sus prestaciones.<\/p>\n<p>Asimismo, Ren\u00e9 Palomares Parra invit\u00f3 de manera p\u00fablica al presidente municipal Edgar Olvera, a realizar un gran evento para hacer llegar a los trabajadores sindicalizados su ropa de trabajo.<\/p>\n<p>Los vivas no pod\u00edan faltar: \u201c\u00a1Ren\u00e9, Ren\u00e9, Ren\u00e9!\u201d\u2026\u201d\u00a1S\u00ed se pudo\u2026S\u00ed se pudo!\u201d y \u201c\u00a1Todos somos Parra\u201d, los agremiados del SUTEyM, entre ellos del OAPAS, Servicios P\u00fablicos, Servicios \u00a0Generales, Secretar\u00eda del Ayuntamiento y la Direcci\u00f3n de Gobierno, entre otras \u00e1reas, agradecieron el beneficio hacia ellos y sus familias por parte de la dirigencia que encabeza Ren\u00e9 Palomares.<\/p>\n<p>&nbsp;<\/p>\n","protected":false},"excerpt":{"rendered":"<p>Despu\u00e9s de aproximadamente 8 meses de estar en pl\u00e1ticas  permanentes con la administraci\u00f3n que encabeza Edgar Olvera, trabajadores agremiados al Sindicato \u00danico de Trabajadores del Estado y sus Municipios (SUTEyM), manifestaron su benepl\u00e1cito  ya que \u00e9stas  concluyeron  al llegar finalmente a acuerdos laborales entre el sindicato, OAPAS y el gobierno municipal inform\u00f3 el dirigente de ese gremio.<\/p>\n","protected":false},"author":3,"featured_media":288170,"comment_status":"open","ping_status":"open","sticky":false,"template":"","format":"standard","meta":{"_monsterinsights_skip_tracking":false,"_monsterinsights_sitenote_active":false,"_monsterinsights_sitenote_note":"","_monsterinsights_sitenote_category":0,"footnotes":""},"categories":[35155],"tags":[52988,43675,970,2572],"class_list":["post-288087","post","type-post","status-publish","format-standard","has-post-thumbnail","hentry","category-estado-de-mexico-estado-de-mexico","tag-autoridades","tag-estado-de-mexico","tag-naucalpan","tag-suteym"],"_links":{"self":[{"href":"https:\/\/www.diarioimagen.net\/index.php?rest_route=\/wp\/v2\/posts\/288087","targetHints":{"allow":["GET"]}}],"collection":[{"href":"https:\/\/www.diarioimagen.net\/index.php?rest_route=\/wp\/v2\/posts"}],"about":[{"href":"https:\/\/www.diarioimagen.net\/index.php?rest_route=\/wp\/v2\/types\/post"}],"author":[{"embeddable":true,"href":"https:\/\/www.diarioimagen.net\/index.php?rest_route=\/wp\/v2\/users\/3"}],"replies":[{"embeddable":true,"href":"https:\/\/www.diarioimagen.net\/index.php?rest_route=%2Fwp%2Fv2%2Fcomments&post=288087"}],"version-history":[{"count":0,"href":"https:\/\/www.diarioimagen.net\/index.php?rest_route=\/wp\/v2\/posts\/288087\/revisions"}],"wp:featuredmedia":[{"embeddable":true,"href":"https:\/\/www.diarioimagen.net\/index.php?rest_route=\/wp\/v2\/media\/288170"}],"wp:attachment":[{"href":"https:\/\/www.diarioimagen.net\/index.php?rest_route=%2Fwp%2Fv2%2Fmedia&parent=288087"}],"wp:term":[{"taxonomy":"category","embeddable":true,"href":"https:\/\/www.diarioimagen.net\/index.php?rest_route=%2Fwp%2Fv2%2Fcategories&post=288087"},{"taxonomy":"post_tag","embeddable":true,"href":"https:\/\/www.diarioimagen.net\/index.php?rest_route=%2Fwp%2Fv2%2Ftags&post=288087"}],"curies":[{"name":"wp","href":"https:\/\/api.w.org\/{rel}","templated":true}]}}