{"id":288091,"date":"2016-09-08T00:02:46","date_gmt":"2016-09-08T05:02:46","guid":{"rendered":"http:\/\/www.diarioimagen.net\/?p=288091"},"modified":"2016-09-08T06:54:28","modified_gmt":"2016-09-08T11:54:28","slug":"naucalpan-responde-a-llamado-de-fortalecer-seguridad-publica","status":"publish","type":"post","link":"https:\/\/www.diarioimagen.net\/?p=288091","title":{"rendered":"Naucalpan responde a llamado de fortalecer seguridad p\u00fablica"},"content":{"rendered":"<ul>\n<li><strong><em>Mejores resultados a la ciudadan\u00eda<\/em><\/strong><\/li>\n<\/ul>\n<p>&nbsp;<\/p>\n<div id=\"attachment_288176\" style=\"width: 430px\" class=\"wp-caption aligncenter\"><a href=\"http:\/\/www.diarioimagen.net\/?attachment_id=288176\" rel=\"attachment wp-att-288176\"><img loading=\"lazy\" decoding=\"async\" aria-describedby=\"caption-attachment-288176\" class=\"size-large wp-image-288176\" src=\"http:\/\/www.diarioimagen.net\/wp-content\/uploads\/2016\/09\/NAUCALPAN-1-2950-420x236.jpg\" alt=\"El alcalde Edgar Armando Olvera Higuera anunci\u00f3 acciones en todo el territorio municipal para reforzar la seguridad.\" width=\"420\" height=\"236\" srcset=\"https:\/\/www.diarioimagen.net\/wp-content\/uploads\/2016\/09\/NAUCALPAN-1-2950-420x236.jpg 420w, https:\/\/www.diarioimagen.net\/wp-content\/uploads\/2016\/09\/NAUCALPAN-1-2950-240x135.jpg 240w, https:\/\/www.diarioimagen.net\/wp-content\/uploads\/2016\/09\/NAUCALPAN-1-2950-235x132.jpg 235w, https:\/\/www.diarioimagen.net\/wp-content\/uploads\/2016\/09\/NAUCALPAN-1-2950-202x114.jpg 202w, https:\/\/www.diarioimagen.net\/wp-content\/uploads\/2016\/09\/NAUCALPAN-1-2950-350x196.jpg 350w, https:\/\/www.diarioimagen.net\/wp-content\/uploads\/2016\/09\/NAUCALPAN-1-2950-220x123.jpg 220w, https:\/\/www.diarioimagen.net\/wp-content\/uploads\/2016\/09\/NAUCALPAN-1-2950-237x132.jpg 237w, https:\/\/www.diarioimagen.net\/wp-content\/uploads\/2016\/09\/NAUCALPAN-1-2950.jpg 480w\" sizes=\"auto, (max-width: 420px) 100vw, 420px\" \/><\/a><p id=\"caption-attachment-288176\" class=\"wp-caption-text\">El alcalde Edgar Armando Olvera Higuera anunci\u00f3 acciones en todo el territorio municipal para reforzar la seguridad.<\/p><\/div>\n<p>&nbsp;<\/p>\n<p><strong>Naucalpan, Estado de M\u00e9xico<\/strong>.- El gobierno local responde de manera inmediata al llamado que hizo el gobierno del Estado de M\u00e9xico, para fortalecer las estrategias y coordinaci\u00f3n en materia de seguridad, y dar mejores resultados a la ciudadan\u00eda.<\/p>\n<p>El presidente municipal, Edgar Armando Olvera Higuera, dio a conocer que\u00a0 se emprenden acciones en todo el territorio, que reforzar\u00e1n con una Base de Operaciones Mixtas (BOM), los operativos que desde enero pasado realiza la Direcci\u00f3n General de Seguridad Ciudadana y Tr\u00e1nsito en la localidad.<\/p>\n<p>Puntualiz\u00f3 que en una primera acci\u00f3n, se implementa\u00a0 una estrategia\u00a0 a trav\u00e9s de\u00a039 cuadrantes, con 80 unidades y dos elementos en cada una, lo que reforzar\u00e1 los recorridos, vigilancia y acciones, apoyados por personal del Ej\u00e9rcito, Marina, Polic\u00eda Federal y la Comisi\u00f3n Estatal de Seguridad.<\/p>\n<p>Adem\u00e1s, se mantendr\u00e1 estrecha coordinaci\u00f3n con\u00a0 \u00e1reas del Centro de Investigaci\u00f3n y Seguridad Nacional (CISEN) para realizar diagn\u00f3sticos y aplicar estrategias, de acuerdo con las necesidades de cada cuadrante.<\/p>\n<p>El Edil naucalpense, puntualiz\u00f3 que la coordinaci\u00f3n y acciones se incrementar\u00e1n en\u00a0 todo el territorio municipal, en especial en aquellas zonas que presentan mayor incidencia delictiva, como las comunidades aleda\u00f1as al Boulevard Luis Donaldo Colosio, entre ellas, Las Huertas, San Rafael Chamapa, Loma Colorada, as\u00ed como El Molinito.<\/p>\n<p>Precis\u00f3 que, adem\u00e1s,\u00a0 dentro de esta coordinaci\u00f3n se tiene previsto realizar reuniones constantes para evaluar los operativos, lo que permitir\u00e1 mejorar y eficientar las acciones, a fin de dar mejores resultados, incluso se considerar\u00e1n\u00a0 las denuncias ciudadanas en materia de seguridad.<\/p>\n<p>&nbsp;<\/p>\n","protected":false},"excerpt":{"rendered":"<p> El gobierno local responde de manera inmediata al llamado que hizo el gobierno del Estado de M\u00e9xico, para fortalecer las estrategias y coordinaci\u00f3n en materia de seguridad, y dar mejores resultados a la ciudadan\u00eda.<\/p>\n","protected":false},"author":3,"featured_media":288176,"comment_status":"open","ping_status":"open","sticky":false,"template":"","format":"standard","meta":{"_monsterinsights_skip_tracking":false,"_monsterinsights_sitenote_active":false,"_monsterinsights_sitenote_note":"","_monsterinsights_sitenote_category":0,"footnotes":""},"categories":[35155],"tags":[47642,43675,970,1088],"class_list":["post-288091","post","type-post","status-publish","format-standard","has-post-thumbnail","hentry","category-estado-de-mexico-estado-de-mexico","tag-edgar-armando-olvera-higuera","tag-estado-de-mexico","tag-naucalpan","tag-seguridad-publica"],"_links":{"self":[{"href":"https:\/\/www.diarioimagen.net\/index.php?rest_route=\/wp\/v2\/posts\/288091","targetHints":{"allow":["GET"]}}],"collection":[{"href":"https:\/\/www.diarioimagen.net\/index.php?rest_route=\/wp\/v2\/posts"}],"about":[{"href":"https:\/\/www.diarioimagen.net\/index.php?rest_route=\/wp\/v2\/types\/post"}],"author":[{"embeddable":true,"href":"https:\/\/www.diarioimagen.net\/index.php?rest_route=\/wp\/v2\/users\/3"}],"replies":[{"embeddable":true,"href":"https:\/\/www.diarioimagen.net\/index.php?rest_route=%2Fwp%2Fv2%2Fcomments&post=288091"}],"version-history":[{"count":0,"href":"https:\/\/www.diarioimagen.net\/index.php?rest_route=\/wp\/v2\/posts\/288091\/revisions"}],"wp:featuredmedia":[{"embeddable":true,"href":"https:\/\/www.diarioimagen.net\/index.php?rest_route=\/wp\/v2\/media\/288176"}],"wp:attachment":[{"href":"https:\/\/www.diarioimagen.net\/index.php?rest_route=%2Fwp%2Fv2%2Fmedia&parent=288091"}],"wp:term":[{"taxonomy":"category","embeddable":true,"href":"https:\/\/www.diarioimagen.net\/index.php?rest_route=%2Fwp%2Fv2%2Fcategories&post=288091"},{"taxonomy":"post_tag","embeddable":true,"href":"https:\/\/www.diarioimagen.net\/index.php?rest_route=%2Fwp%2Fv2%2Ftags&post=288091"}],"curies":[{"name":"wp","href":"https:\/\/api.w.org\/{rel}","templated":true}]}}