{"id":288099,"date":"2016-09-08T00:01:43","date_gmt":"2016-09-08T05:01:43","guid":{"rendered":"http:\/\/www.diarioimagen.net\/?p=288099"},"modified":"2016-09-08T06:55:56","modified_gmt":"2016-09-08T11:55:56","slug":"alumnos-de-la-uaem-beneficiados-con-el-programa-jovenes-de-excelencia-banamex","status":"publish","type":"post","link":"https:\/\/www.diarioimagen.net\/?p=288099","title":{"rendered":"Alumnos de la UAEM, beneficiados con el programa \u201cJ\u00f3venes de Excelencia Banamex\u201d"},"content":{"rendered":"<p><a href=\"http:\/\/www.diarioimagen.net\/?attachment_id=288178\" rel=\"attachment wp-att-288178\"><img loading=\"lazy\" decoding=\"async\" class=\"aligncenter size-large wp-image-288178\" src=\"http:\/\/www.diarioimagen.net\/wp-content\/uploads\/2016\/09\/UAEM-2950-420x236.jpg\" alt=\"uaem-2950\" width=\"420\" height=\"236\" srcset=\"https:\/\/www.diarioimagen.net\/wp-content\/uploads\/2016\/09\/UAEM-2950-420x236.jpg 420w, https:\/\/www.diarioimagen.net\/wp-content\/uploads\/2016\/09\/UAEM-2950-240x135.jpg 240w, https:\/\/www.diarioimagen.net\/wp-content\/uploads\/2016\/09\/UAEM-2950-235x132.jpg 235w, https:\/\/www.diarioimagen.net\/wp-content\/uploads\/2016\/09\/UAEM-2950-202x114.jpg 202w, https:\/\/www.diarioimagen.net\/wp-content\/uploads\/2016\/09\/UAEM-2950-350x196.jpg 350w, https:\/\/www.diarioimagen.net\/wp-content\/uploads\/2016\/09\/UAEM-2950-220x123.jpg 220w, https:\/\/www.diarioimagen.net\/wp-content\/uploads\/2016\/09\/UAEM-2950-237x132.jpg 237w, https:\/\/www.diarioimagen.net\/wp-content\/uploads\/2016\/09\/UAEM-2950.jpg 480w\" sizes=\"auto, (max-width: 420px) 100vw, 420px\" \/><\/a><\/p>\n<p>&nbsp;<\/p>\n<p>Alumnos de la Universidad Aut\u00f3noma del Estado de M\u00e9xico podr\u00e1n cursar estudios de maestr\u00eda en alguna de las 200 mejores instituciones de educaci\u00f3n superior del mundo, al ser beneficiados con el programa \u201cJ\u00f3venes de Excelencia Banamex\u201d,\u00a0resultado del trabajo conjunto entre la UAEM, el Fomento Social Banamex A.C y la Fundaci\u00f3n Mexicana para la Educaci\u00f3n, la Tecnolog\u00eda y la Ciencia A.C.<\/p>\n","protected":false},"excerpt":{"rendered":"<p>Alumnos de la Universidad Aut\u00f3noma del Estado de M\u00e9xico podr\u00e1n cursar estudios de maestr\u00eda en alguna de las 200 mejores instituciones de educaci\u00f3n superior del mundo, al ser beneficiados con el programa \u201cJ\u00f3venes de Excelencia Banamex\u201d, resultado del trabajo conjunto entre la UAEM, el Fomento Social Banamex A.C y la Fundaci\u00f3n Mexicana para la Educaci\u00f3n, la Tecnolog\u00eda y la Ciencia A.C.<\/p>\n","protected":false},"author":3,"featured_media":288178,"comment_status":"open","ping_status":"open","sticky":false,"template":"","format":"standard","meta":{"_monsterinsights_skip_tracking":false,"_monsterinsights_sitenote_active":false,"_monsterinsights_sitenote_note":"","_monsterinsights_sitenote_category":0,"footnotes":""},"categories":[35155],"tags":[70,43675,1491],"class_list":["post-288099","post","type-post","status-publish","format-standard","has-post-thumbnail","hentry","category-estado-de-mexico-estado-de-mexico","tag-banamex","tag-estado-de-mexico","tag-uaem"],"_links":{"self":[{"href":"https:\/\/www.diarioimagen.net\/index.php?rest_route=\/wp\/v2\/posts\/288099","targetHints":{"allow":["GET"]}}],"collection":[{"href":"https:\/\/www.diarioimagen.net\/index.php?rest_route=\/wp\/v2\/posts"}],"about":[{"href":"https:\/\/www.diarioimagen.net\/index.php?rest_route=\/wp\/v2\/types\/post"}],"author":[{"embeddable":true,"href":"https:\/\/www.diarioimagen.net\/index.php?rest_route=\/wp\/v2\/users\/3"}],"replies":[{"embeddable":true,"href":"https:\/\/www.diarioimagen.net\/index.php?rest_route=%2Fwp%2Fv2%2Fcomments&post=288099"}],"version-history":[{"count":0,"href":"https:\/\/www.diarioimagen.net\/index.php?rest_route=\/wp\/v2\/posts\/288099\/revisions"}],"wp:featuredmedia":[{"embeddable":true,"href":"https:\/\/www.diarioimagen.net\/index.php?rest_route=\/wp\/v2\/media\/288178"}],"wp:attachment":[{"href":"https:\/\/www.diarioimagen.net\/index.php?rest_route=%2Fwp%2Fv2%2Fmedia&parent=288099"}],"wp:term":[{"taxonomy":"category","embeddable":true,"href":"https:\/\/www.diarioimagen.net\/index.php?rest_route=%2Fwp%2Fv2%2Fcategories&post=288099"},{"taxonomy":"post_tag","embeddable":true,"href":"https:\/\/www.diarioimagen.net\/index.php?rest_route=%2Fwp%2Fv2%2Ftags&post=288099"}],"curies":[{"name":"wp","href":"https:\/\/api.w.org\/{rel}","templated":true}]}}