{"id":288308,"date":"2016-09-09T00:04:02","date_gmt":"2016-09-09T05:04:02","guid":{"rendered":"http:\/\/www.diarioimagen.net\/?p=288308"},"modified":"2016-09-11T22:43:21","modified_gmt":"2016-09-12T03:43:21","slug":"falta-agua-potable-para-1-4-millones-de-capitalinos","status":"publish","type":"post","link":"https:\/\/www.diarioimagen.net\/?p=288308","title":{"rendered":"Falta agua potable para 1.4 millones de capitalinos"},"content":{"rendered":"<ul>\n<li><strong><em>Pozos se quedar\u00e1n sin l\u00edquido en 50 a\u00f1os<\/em><\/strong><\/li>\n<\/ul>\n<p>&nbsp;<\/p>\n<div id=\"attachment_288391\" style=\"width: 430px\" class=\"wp-caption aligncenter\"><a href=\"http:\/\/www.diarioimagen.net\/?attachment_id=288391\" rel=\"attachment wp-att-288391\"><img loading=\"lazy\" decoding=\"async\" aria-describedby=\"caption-attachment-288391\" class=\"size-large wp-image-288391\" src=\"http:\/\/www.diarioimagen.net\/wp-content\/uploads\/2016\/09\/agua-2951-420x236.jpg\" alt=\"Enfrentan escasez de agua 1.4 millones de capitalinos en Iztapalapa, Iztacalco y colonias establecidas en zonas monta\u00f1osas.\" width=\"420\" height=\"236\" srcset=\"https:\/\/www.diarioimagen.net\/wp-content\/uploads\/2016\/09\/agua-2951-420x236.jpg 420w, https:\/\/www.diarioimagen.net\/wp-content\/uploads\/2016\/09\/agua-2951-240x135.jpg 240w, https:\/\/www.diarioimagen.net\/wp-content\/uploads\/2016\/09\/agua-2951-480x270.jpg 480w, https:\/\/www.diarioimagen.net\/wp-content\/uploads\/2016\/09\/agua-2951-235x132.jpg 235w, https:\/\/www.diarioimagen.net\/wp-content\/uploads\/2016\/09\/agua-2951-202x114.jpg 202w, https:\/\/www.diarioimagen.net\/wp-content\/uploads\/2016\/09\/agua-2951-350x196.jpg 350w, https:\/\/www.diarioimagen.net\/wp-content\/uploads\/2016\/09\/agua-2951-220x123.jpg 220w, https:\/\/www.diarioimagen.net\/wp-content\/uploads\/2016\/09\/agua-2951-237x132.jpg 237w, https:\/\/www.diarioimagen.net\/wp-content\/uploads\/2016\/09\/agua-2951.jpg 700w\" sizes=\"auto, (max-width: 420px) 100vw, 420px\" \/><\/a><p id=\"caption-attachment-288391\" class=\"wp-caption-text\">Enfrentan escasez de agua 1.4 millones de capitalinos en Iztapalapa, Iztacalco y colonias establecidas en zonas monta\u00f1osas.<\/p><\/div>\n<p>&nbsp;<\/p>\n<p>En la Ciudad de M\u00e9xico, 1.4 millones de habitantes sufren escasez de agua&#8230; El problema de escasez de agua empeorar\u00e1 en la Ciudad de M\u00e9xico, porque los pozos del subsuelo s\u00f3lo durar\u00e1n 50 a\u00f1os m\u00e1s, se\u00f1al\u00f3 el director del Sistema de Aguas, Ram\u00f3n Aguirre.<\/p>\n<p>La falta de agua, ejemplific\u00f3, es enfrentada por 1.4 millones de capitalinos en Iztapalapa, Iztacalco y colonias establecidas en zonas monta\u00f1osas.<\/p>\n<p>\u201cOtro 50 por ciento (de los 8 millones de habitantes en CDMX) recibe abasto diario, pero no con buena presi\u00f3n, y 10 por ciento recibe agua que no es buena calidad\u201d, plante\u00f3 en el Foro Funcionamiento del Agua Subterr\u00e1nea, en la Procuradur\u00eda Ambiental.<\/p>\n<p>Es factible dise\u00f1ar un plan para desarrollarse en los siguientes 25 a\u00f1os, propuso Aguirre, que incluya captar m\u00e1s agua de lluvia y reusar caudales tratados.<\/p>\n<p>Pero esto requiere una inversi\u00f3n programada de 200 mil millones de pesos, se\u00f1al\u00f3, cuando cada a\u00f1o el Sistema de Aguas recibe 10 mil millones, en su mayor parte para salarios y gastos operativos.<\/p>\n<p>Manuel Su\u00e1rez y Joel Carrillo, investigadores del Instituto de Geograf\u00eda de la UNAM, expusieron que la sobreexplotaci\u00f3n provoca cada vez m\u00e1s problemas de hundimientos, apertura de grietas y desnivelaci\u00f3n de cimentaciones.<\/p>\n<p>\u201cNecesitamos pasar de un modelo de sobreexplotaci\u00f3n a otro sustentable, que debe comenzar por disminuir el consumo en los domicilios en 30 por ciento, bajar las fugas de 12 mil litros por segundo a la mitad\u201d, indic\u00f3.<\/p>\n<p style=\"text-align: center;\"><strong>B\u00fasqueda de soluciones<\/strong><\/p>\n<p>En la b\u00fasqueda de soluciones a esta problem\u00e1tica, Fomento Social Banamex en alianza con MakeSense, Veolia, Ashoka, CO_, Laboratorio para la Ciudad y el Sistema de Aguas de la Ciudad de M\u00e9xico lanzaron en julio la tercera convocatoria de SenseCube Agua Urbana y Ciudades Sostenibles, una invitaci\u00f3n a emprendedores de todo el pa\u00eds que propongan soluciones viables e innovadoras a las problem\u00e1ticas de agua en la capital.<\/p>\n<p>Fomento Social Banamex, patrocinador de la iniciativa SenseCube #AguaUrbana, otorgar\u00e1 capital semilla de 80,000 pesos para el desarrollo de los seis proyectos finalistas.<\/p>\n<p>A su vez, Veolia y el Sistema de Aguas impulsar\u00e1n y apoyar\u00e1n a los seleccionados con conocimientos t\u00e9cnicos sobre los principales retos en el sector del agua. Ashoka y CO_ y LABCDMX proveer\u00e1n asesor\u00eda en temas de innovaci\u00f3n, emprendimiento e impacto social.<\/p>\n<p>&nbsp;<\/p>\n","protected":false},"excerpt":{"rendered":"<p>En la Ciudad de M\u00e9xico, 1.4 millones de habitantes sufren escasez de agua&#8230; El problema de escasez de agua empeorar\u00e1 en la Ciudad de M\u00e9xico, porque los pozos del subsuelo s\u00f3lo durar\u00e1n 50 a\u00f1os m\u00e1s, se\u00f1al\u00f3 el director del Sistema de Aguas, Ram\u00f3n Aguirre.<\/p>\n","protected":false},"author":3,"featured_media":288391,"comment_status":"open","ping_status":"open","sticky":false,"template":"","format":"standard","meta":{"_monsterinsights_skip_tracking":false,"_monsterinsights_sitenote_active":false,"_monsterinsights_sitenote_note":"","_monsterinsights_sitenote_category":0,"footnotes":""},"categories":[6],"tags":[2773,204,11075],"class_list":["post-288308","post","type-post","status-publish","format-standard","has-post-thumbnail","hentry","category-cd-de-mexico","tag-agua-potable","tag-ciudad-de-mexico","tag-problema"],"_links":{"self":[{"href":"https:\/\/www.diarioimagen.net\/index.php?rest_route=\/wp\/v2\/posts\/288308","targetHints":{"allow":["GET"]}}],"collection":[{"href":"https:\/\/www.diarioimagen.net\/index.php?rest_route=\/wp\/v2\/posts"}],"about":[{"href":"https:\/\/www.diarioimagen.net\/index.php?rest_route=\/wp\/v2\/types\/post"}],"author":[{"embeddable":true,"href":"https:\/\/www.diarioimagen.net\/index.php?rest_route=\/wp\/v2\/users\/3"}],"replies":[{"embeddable":true,"href":"https:\/\/www.diarioimagen.net\/index.php?rest_route=%2Fwp%2Fv2%2Fcomments&post=288308"}],"version-history":[{"count":0,"href":"https:\/\/www.diarioimagen.net\/index.php?rest_route=\/wp\/v2\/posts\/288308\/revisions"}],"wp:featuredmedia":[{"embeddable":true,"href":"https:\/\/www.diarioimagen.net\/index.php?rest_route=\/wp\/v2\/media\/288391"}],"wp:attachment":[{"href":"https:\/\/www.diarioimagen.net\/index.php?rest_route=%2Fwp%2Fv2%2Fmedia&parent=288308"}],"wp:term":[{"taxonomy":"category","embeddable":true,"href":"https:\/\/www.diarioimagen.net\/index.php?rest_route=%2Fwp%2Fv2%2Fcategories&post=288308"},{"taxonomy":"post_tag","embeddable":true,"href":"https:\/\/www.diarioimagen.net\/index.php?rest_route=%2Fwp%2Fv2%2Ftags&post=288308"}],"curies":[{"name":"wp","href":"https:\/\/api.w.org\/{rel}","templated":true}]}}