{"id":288354,"date":"2016-09-09T00:10:41","date_gmt":"2016-09-09T05:10:41","guid":{"rendered":"http:\/\/www.diarioimagen.net\/?p=288354"},"modified":"2016-09-12T00:13:53","modified_gmt":"2016-09-12T05:13:53","slug":"presupuesto-austero-en-extremo-pero-altamente-social","status":"publish","type":"post","link":"https:\/\/www.diarioimagen.net\/?p=288354","title":{"rendered":"Presupuesto, austero en extremo, pero altamente social"},"content":{"rendered":"<h2>Tras la puerta del poder<\/h2>\n<h5>Roberto Vizca\u00edno<\/h5>\n<p>&nbsp;<\/p>\n<div id=\"attachment_288440\" style=\"width: 430px\" class=\"wp-caption aligncenter\"><a href=\"http:\/\/www.diarioimagen.net\/?attachment_id=288440\" rel=\"attachment wp-att-288440\"><img loading=\"lazy\" decoding=\"async\" aria-describedby=\"caption-attachment-288440\" class=\"size-large wp-image-288440\" src=\"http:\/\/www.diarioimagen.net\/wp-content\/uploads\/2016\/09\/PRIISTAS-jose-luis-2951-420x326.jpg\" alt=\"Pri\u00edstas... | Jos\u00e9 Luis\" width=\"420\" height=\"326\" srcset=\"https:\/\/www.diarioimagen.net\/wp-content\/uploads\/2016\/09\/PRIISTAS-jose-luis-2951-420x326.jpg 420w, https:\/\/www.diarioimagen.net\/wp-content\/uploads\/2016\/09\/PRIISTAS-jose-luis-2951-240x186.jpg 240w, https:\/\/www.diarioimagen.net\/wp-content\/uploads\/2016\/09\/PRIISTAS-jose-luis-2951-768x596.jpg 768w, https:\/\/www.diarioimagen.net\/wp-content\/uploads\/2016\/09\/PRIISTAS-jose-luis-2951.jpg 1200w\" sizes=\"auto, (max-width: 420px) 100vw, 420px\" \/><\/a><p id=\"caption-attachment-288440\" class=\"wp-caption-text\">Pri\u00edstas&#8230; | Jos\u00e9 Luis<\/p><\/div>\n<p>&nbsp;<\/p>\n<p>Elemento central de la supervivencia de M\u00e9xico, el llamado Paquete Econ\u00f3mico que contiene los proyectos de presupuestos de Ingresos y Egresos entregado anoche por el nuevo secretario de Hacienda, Jos\u00e9 Antonio Meade, al Congreso, es un mecanismo preciso de pol\u00edtica econ\u00f3mica para enfrentar los retos y requerimientos sociales y de desarrollo del pa\u00eds, afirm\u00f3 ayer el presidente Enrique Pe\u00f1a Nieto.<\/p>\n<p>Durante una gira a Zacatecas, el mandatario indic\u00f3:<\/p>\n<p>\u201cEl paquete presupuestal buscar\u00e1 cuidar la estabilidad macroecon\u00f3mica y a la vez actuar con responsabilidad fiscal; no contiene ni nuevos impuestos ni el incremento de los existentes\u2026\u201d<\/p>\n<p>Como antecedente record\u00f3 que en agosto se registraron 118 mil nuevos empleos \u2014para ser el mes en el que se gener\u00f3 el mayor n\u00famero de empleos en toda la historia- y que en los 3 a\u00f1os y 9 meses de su administraci\u00f3n se han creado 2 millones 170 mil empleos formales; ello es 4.3 veces m\u00e1s que en la administraci\u00f3n anterior, dijo.<\/p>\n<p>De igual forma subray\u00f3 que la Inversi\u00f3n Extranjera Directa aplicada en el mismo lapso, ha sido de 120 mil millones de d\u00f3lares, 50 por ciento m\u00e1s que en el mismo periodo de la administraci\u00f3n anterior, subray\u00f3.<\/p>\n<p style=\"text-align: center;\"><strong>CIFRAS<\/strong><\/p>\n<p>As\u00ed, al entregar el paquete econ\u00f3mico, el nuevo titular de Hacienda asegur\u00f3 ante los presidentes y los coordinadores de las fracciones parlamentarias de las c\u00e1maras de Diputados y Senadores que el presupuesto de Ingresos:<\/p>\n<p>No contendr\u00e1 nuevos impuestos\u2026<\/p>\n<p>Ni aumentos a los existentes.\u2028<strong>Y que el de Egresos:<\/strong><\/p>\n<p>Prev\u00e9 un gasto de 4 billones 837 mil 500 millones de pesos.<\/p>\n<p>No afectar\u00e1 ning\u00fan programa social\u2026\u2028\u00a0En lo general, el Paquete Econ\u00f3mico 2017 entregado anoche busca:<\/p>\n<p>Mantener la certidumbre tributaria;<\/p>\n<p>Lograr un super\u00e1vit de 0.4% que ser\u00eda algo no visto desde 2008;<\/p>\n<p>Detendr\u00eda el crecimiento de la Deuda P\u00fablica;<\/p>\n<p>Reducir\u00eda el gasto del Sector P\u00fablico en un 20%, la disminuci\u00f3n del gasto prevista en aproximadamente 239 mil millones de pesos<\/p>\n<p>Significar\u00eda una reducci\u00f3n del 20% en los presupuestos aplicables en cada una de las secretar\u00edas y organismos descentralizados, y otras dependencias del Sector P\u00fablico;<\/p>\n<p>La tasa de Inflaci\u00f3n se mantendr\u00eda en 3%;<\/p>\n<p>El tipo del cambio ser\u00eda de 18.20 pesos por d\u00f3lar;<\/p>\n<p>El precio del petr\u00f3leo se fijar\u00eda en 44 d\u00f3lares por barril con una producci\u00f3n de un mill\u00f3n 928 mil barriles diarios y un nivel de exportaci\u00f3n de un mill\u00f3n 765 mil barriles diarios;<\/p>\n<p>Con todo lo anterior se buscar\u00eda obtener entre un 2 y 3 por ciento del crecimiento del PIB.<\/p>\n<p>Al explicarlo, el secretario Meade indic\u00f3 que este paquete econ\u00f3mico \u201cno es inercial\u201d, sino distinto a los anteriores y explic\u00f3 que su reducci\u00f3n que significar\u00e1 el 1.7% real en el gasto neto respecto al del a\u00f1o anterior no afectar\u00e1 de ninguna forma a la poblaci\u00f3n sino que recaer\u00e1 en su totalidad en el gobierno.<\/p>\n<p>Subray\u00f3 que este paquete fue dise\u00f1ado precisamente para responder a los desaf\u00edos internos y los retos de un entorno internacional sumamente adverso, caracterizado por condiciones financieras negativas, tensiones geopol\u00edticas y una alto riesgo de implementaci\u00f3n de medidas proteccionistas.<\/p>\n<p>As\u00ed, el objetivo central es enviar una cara se\u00f1al de certidumbre y de preservar la senda positiva del crecimiento.<\/p>\n<p style=\"text-align: center;\"><strong>NI DESCALIFICAMOS NI APROBAMOS<\/strong><\/p>\n<p>Al recibir el Paquete Econ\u00f3mico en representaci\u00f3n del Congreso, el panista morelense Javier Bola\u00f1os dijo a Meade: \u2028\u201cProyecto que ni descalificamos a priori, ni garantizamos nuestro aval, pero tenga por seguro se\u00f1or secretario, que habremos de anteponer la preeminencia del inter\u00e9s nacional para construir la mejor herramienta econ\u00f3mica para nuestro pa\u00eds, abriendo los debates, la exposici\u00f3n de propuestas de modificaci\u00f3n o de proyectos complementarios, exponiendo con claridad argumentos y fortaleciendo los canales de di\u00e1logo institucional entre poderes, que hoy nos son tan necesarios\u201d.<\/p>\n<p style=\"text-align: center;\"><strong>PRESIDENTE EN EL CONGRESO<\/strong><strong>\u2028<\/strong><\/p>\n<p>Una propuesta para que el Presidente de la Rep\u00fablica vuelva a entregar su Informe anual de Gobierno ante el Congreso de la Uni\u00f3n, fue presentada ayer por el senador panista poblano Javier Alarc\u00f3n.<\/p>\n<p>La propuesta contiene adem\u00e1s el reclamo de que se legisle para que el Senado participe en la aprobaci\u00f3n del Presupuesto de Egresos de la Federaci\u00f3n, facultad exclusiva hasta hoy de la C\u00e1mara de Diputados.<\/p>\n<p>La iniciativa de Alarc\u00f3n propone adem\u00e1s poder desechar iniciativas que cumplan un a\u00f1o en la llamada <em>congeladora Legislativa<\/em> para as\u00ed acabar con el rezago legislativo.<\/p>\n<p>Su propuesta para que el Jefe del Ejecutivo Federal pueda volver a presentar su informe de Gobierno cada 1 de septiembre desde la tribuna de la C\u00e1mara de Diputados, dijo \u201cno pretende reinstaurar el llamado <em>D\u00eda del Presidente<\/em> como ocurr\u00eda en sexenios anteriores, pero tampoco debe estar ausente\u201d.<\/p>\n<p>La propuesta plantea que, luego de que entregue su Informe, el Presidente se quede para escuchar y responder los posicionamientos de los grupos parlamentarios y, al final, emitir un mensaje a la naci\u00f3n sobre las condiciones de la Administraci\u00f3n P\u00fablica Federal.<\/p>\n<p style=\"text-align: center;\"><strong>JAVIER CORRAL EN LOS PINOS<\/strong><\/p>\n<p>Conforme a lo anunciado, el presidente Enrique Pe\u00f1a Nieto recibi\u00f3 y convers\u00f3 ayer en Los Pinos con Javier Corral, gobernador electo de Chihuahua.\u2028Pe\u00f1a Nieto lo felicit\u00f3 por su triunfo y se comprometi\u00f3 a respaldar las acciones y los programas que emprenda al frente de Chihuahua y \u00a0que permitan elevar los niveles de bienestar de los chihuahuenses, le dijo.<\/p>\n<p><em><a href=\"mailto:rvizcainoa@gmail.com\" target=\"_blank\">vizcainoa@gmail.com<\/a><\/em><br \/>\n<em><a href=\"http:\/\/www.endirecto.com.mx\/\" target=\"_blank\">www.endirecto.com.mx<\/a><\/em><br \/>\n<em><a href=\"https:\/\/twitter.com\/_rvizcaino\" target=\"_blank\">@_RVizcaino<\/a><\/em><br \/>\n<a href=\"https:\/\/www.facebook.com\/rvizcainoa\" target=\"_blank\">f<em>acebook.com\/rvizcainoa<\/em><\/a><\/p>\n","protected":false},"excerpt":{"rendered":"<p><span style=\"color: #005497;\"><strong>Roberto Vizca\u00edno<\/strong><\/span><br \/>\n<br \/>\nElemento central de la supervivencia de M\u00e9xico, el llamado Paquete Econ\u00f3mico que contiene los proyectos de presupuestos de Ingresos y Egresos entregado anoche por el nuevo secretario de Hacienda, Jos\u00e9 Antonio Meade, al Congreso, es un mecanismo preciso de pol\u00edtica econ\u00f3mica para enfrentar los retos y requerimientos sociales y de desarrollo del pa\u00eds, afirm\u00f3 ayer el presidente Enrique Pe\u00f1a Nieto.<\/p>\n","protected":false},"author":3,"featured_media":288440,"comment_status":"open","ping_status":"open","sticky":false,"template":"","format":"standard","meta":{"_monsterinsights_skip_tracking":false,"_monsterinsights_sitenote_active":false,"_monsterinsights_sitenote_note":"","_monsterinsights_sitenote_category":0,"footnotes":""},"categories":[136],"tags":[43674,93,94],"class_list":["post-288354","post","type-post","status-publish","format-standard","has-post-thumbnail","hentry","category-roberto-vizcaino-opinion","tag-opinion","tag-roberto-vizcaino","tag-tras-la-puerta-del-poder"],"_links":{"self":[{"href":"https:\/\/www.diarioimagen.net\/index.php?rest_route=\/wp\/v2\/posts\/288354","targetHints":{"allow":["GET"]}}],"collection":[{"href":"https:\/\/www.diarioimagen.net\/index.php?rest_route=\/wp\/v2\/posts"}],"about":[{"href":"https:\/\/www.diarioimagen.net\/index.php?rest_route=\/wp\/v2\/types\/post"}],"author":[{"embeddable":true,"href":"https:\/\/www.diarioimagen.net\/index.php?rest_route=\/wp\/v2\/users\/3"}],"replies":[{"embeddable":true,"href":"https:\/\/www.diarioimagen.net\/index.php?rest_route=%2Fwp%2Fv2%2Fcomments&post=288354"}],"version-history":[{"count":0,"href":"https:\/\/www.diarioimagen.net\/index.php?rest_route=\/wp\/v2\/posts\/288354\/revisions"}],"wp:featuredmedia":[{"embeddable":true,"href":"https:\/\/www.diarioimagen.net\/index.php?rest_route=\/wp\/v2\/media\/288440"}],"wp:attachment":[{"href":"https:\/\/www.diarioimagen.net\/index.php?rest_route=%2Fwp%2Fv2%2Fmedia&parent=288354"}],"wp:term":[{"taxonomy":"category","embeddable":true,"href":"https:\/\/www.diarioimagen.net\/index.php?rest_route=%2Fwp%2Fv2%2Fcategories&post=288354"},{"taxonomy":"post_tag","embeddable":true,"href":"https:\/\/www.diarioimagen.net\/index.php?rest_route=%2Fwp%2Fv2%2Ftags&post=288354"}],"curies":[{"name":"wp","href":"https:\/\/api.w.org\/{rel}","templated":true}]}}