{"id":288358,"date":"2016-09-09T00:08:14","date_gmt":"2016-09-09T05:08:14","guid":{"rendered":"http:\/\/www.diarioimagen.net\/?p=288358"},"modified":"2016-09-09T07:28:44","modified_gmt":"2016-09-09T12:28:44","slug":"nada-cambia","status":"publish","type":"post","link":"https:\/\/www.diarioimagen.net\/?p=288358","title":{"rendered":"Nada cambia"},"content":{"rendered":"<h2>De frente y de perfil<\/h2>\n<h5>Ram\u00f3n Zurita Sahag\u00fan<\/h5>\n<p>&nbsp;<\/p>\n<div id=\"attachment_288446\" style=\"width: 430px\" class=\"wp-caption aligncenter\"><a href=\"http:\/\/www.diarioimagen.net\/?attachment_id=288446\" rel=\"attachment wp-att-288446\"><img loading=\"lazy\" decoding=\"async\" aria-describedby=\"caption-attachment-288446\" class=\"size-large wp-image-288446\" src=\"http:\/\/www.diarioimagen.net\/wp-content\/uploads\/2016\/09\/ZURITA-2951-420x236.jpg\" alt=\"Jos\u00e9 Antonio Meade migr\u00f3 de Desarrollo Social a la Secretar\u00eda de Hacienda, como ya antes lo hab\u00eda hecho de Relaciones Exteriores a Sedesol.\" width=\"420\" height=\"236\" srcset=\"https:\/\/www.diarioimagen.net\/wp-content\/uploads\/2016\/09\/ZURITA-2951-420x236.jpg 420w, https:\/\/www.diarioimagen.net\/wp-content\/uploads\/2016\/09\/ZURITA-2951-240x135.jpg 240w, https:\/\/www.diarioimagen.net\/wp-content\/uploads\/2016\/09\/ZURITA-2951-235x132.jpg 235w, https:\/\/www.diarioimagen.net\/wp-content\/uploads\/2016\/09\/ZURITA-2951-202x114.jpg 202w, https:\/\/www.diarioimagen.net\/wp-content\/uploads\/2016\/09\/ZURITA-2951-350x196.jpg 350w, https:\/\/www.diarioimagen.net\/wp-content\/uploads\/2016\/09\/ZURITA-2951-220x123.jpg 220w, https:\/\/www.diarioimagen.net\/wp-content\/uploads\/2016\/09\/ZURITA-2951-237x132.jpg 237w, https:\/\/www.diarioimagen.net\/wp-content\/uploads\/2016\/09\/ZURITA-2951.jpg 480w\" sizes=\"auto, (max-width: 420px) 100vw, 420px\" \/><\/a><p id=\"caption-attachment-288446\" class=\"wp-caption-text\">Jos\u00e9 Antonio Meade migr\u00f3 de Desarrollo Social a la Secretar\u00eda de Hacienda, como ya antes lo hab\u00eda hecho de Relaciones Exteriores a Sedesol.<\/p><\/div>\n<p>&nbsp;<\/p>\n<p>Los cambios en el gabinete los hace el presidente Enrique Pe\u00f1a Nieto, con el estilo <em>Gatopardo<\/em>, tratando de que todo cambie, para seguir igual.<\/p>\n<p>Siendo un pol\u00edtico poco afecto a los cambios (seg\u00fan dicen sus cercanos), el Presidente de M\u00e9xico los desmiente en la realidad, ya que de las 18 secretar\u00edas del gabinete federal (incluida la nueva de Cultura), en 11 de ellas ha realizado cuando menos un cambio de titular, otra la desapareci\u00f3, mientras que en las cuatros direcciones del llamado gabinete tambi\u00e9n ha pasado m\u00e1s de un titular.<\/p>\n<p>Los cambios de las cabezas se han producido por razones diversas, aunque se mantiene la constante de rotar o ascender a los mismos funcionarios que antes se encontraban en cargos diversos.<\/p>\n<p>El Presidente gusta de trabajar con el mismo equipo, aunque les asigne otras tareas y pocos han sido los incorporados al gabinete, sin importar si son las secretar\u00edas o las direcciones generales.<\/p>\n<p>Los cambios los realiza en forma masiva, como sucedi\u00f3 con la salida de Luis Videgaray Caso (inimaginable antes del 30 de agosto) y la rotaci\u00f3n de su eterno emergente Jos\u00e9 Antonio Meade, quien migr\u00f3 de Desarrollo Social a la Secretar\u00eda de Hacienda, como ya antes lo hab\u00eda hecho de Relaciones Exteriores a Sedesol.<\/p>\n<p>Aprovech\u00f3 el momento para ascender a Luis Miranda, de subsecretario en Gobernaci\u00f3n, a titular en Sedesol, con todo y que el nombramiento no fue bien recibido en ning\u00fan c\u00edrculo ajeno al del propio gabinete.<\/p>\n<p>Con estos nombramientos, el Ejecutivo federal ratific\u00f3 que sus cartas son las mismas acomodadas de otra forma.<\/p>\n<p>Antes de ellos, en agosto de 2015, Pe\u00f1a Nieto dej\u00f3 constancia de ello, ya que en una carambola sac\u00f3 a su jefe de la Oficina de la Presidencia de la Rep\u00fablica y s\u00fabitamente lo elev\u00f3 al cargo de secretario de Educaci\u00f3n P\u00fablica, ante el relevo de Emilio Chuayffet Chemor.<\/p>\n<p>En esa misma ocasi\u00f3n Jos\u00e9 Antonio Meade (el eterno chambitas) dej\u00f3 la Secretar\u00eda de Relaciones Exteriores y se asent\u00f3 en la de Desarrollo Social.<\/p>\n<p>Rosario Robles Berlanga fue cambiada de la de Desarrollo Social a la Sedatu. Claudia Ruiz (Massieu) Salinas abandon\u00f3 la Secretar\u00eda de Turismo para hacerse cargo de la de Relaciones Exteriores.<\/p>\n<p>Enrique de la Madrid pas\u00f3 a ocupar la titularidad en Turismo, dejando ac\u00e9fala la direcci\u00f3n del Banco Nacional de Comercio Exterior.<\/p>\n<p>Durante esa carambola del 27 de agosto de 2015, Juan Jos\u00e9 Guerra Abud dej\u00f3 la titularidad de la Secretar\u00eda de Medio Ambiente y en su lugar lleg\u00f3 Rafael Pacchiano Alam\u00e1n.<\/p>\n<p>Jos\u00e9 Eduardo Calzada Rovirosa dej\u00f3 el gobierno de Quer\u00e9taro para ocupar la Secretar\u00eda de Agricultura, de la que sali\u00f3 Enrique Mart\u00ednez y Mart\u00ednez.<\/p>\n<p>Antes de eso, ya se hab\u00edan producido algunos cambios, cuando Jes\u00fas Murillo Karam dej\u00f3 la Procuradur\u00eda General de la Rep\u00fablica, de la que se hizo cargo la senadora (con licencia) Arely G\u00f3mez Gonz\u00e1lez, mientras que Murillo Karam ocupaba la titularidad de la Secretar\u00eda de Desarrollo Agrario, Territorial y Urbano.<\/p>\n<p>Virgilio Andrade Mart\u00ednez ocup\u00f3 la vacante Secretar\u00eda de la Funci\u00f3n P\u00fablica en febrero del 2015, misma que dej\u00f3 poco m\u00e1s de un a\u00f1o m\u00e1s tarde y sigue ac\u00e9fala.<\/p>\n<p>Ya en el presente a\u00f1o, Jos\u00e9 Narro Robles, quien hab\u00eda ocupado la posici\u00f3n de rector de la UNAM por ocho a\u00f1os fue designado secretario de Salud, en sustituci\u00f3n de Mercedes Juan.<\/p>\n<p>Pero en el \u00e1rea de las cinco direcciones generales, que forman parte del llamado gabinete ampliado: Seguro Social, Comisi\u00f3n de Aguas, Petr\u00f3leos Mexicanos, Seguridad Social para los Trabajadores del Estado y Comisi\u00f3n Federal de Electricidad, los cambios se han\u00a0 producido tambi\u00e9n.<\/p>\n<p>En Pemex inici\u00f3 Emilio Lozoya Austin, quien dej\u00f3 su lugar a Jos\u00e9 Antonio Gonz\u00e1lez Anaya, desde febrero del presente a\u00f1o.<\/p>\n<p>Gonz\u00e1lez Anaya hab\u00eda iniciado el sexenio como director del Seguro Social, cargo al que lleg\u00f3 Mikel Arriola, quien hab\u00eda iniciado la presente administraci\u00f3n en otro cargo (Cofepris).<\/p>\n<p>David Korenfeld abandon\u00f3 en medio del esc\u00e1ndalo la direcci\u00f3n de la Comisi\u00f3n Nacional del Agua, a la que lleg\u00f3 Roberto Ram\u00edrez de la Parra desde 2015.<\/p>\n<p>Sebasti\u00e1n Lerdo de Tejada falleci\u00f3 durante su ejercicio como director del ISSSTE, cargo al que lleg\u00f3 Jos\u00e9 Reyes Baeza, hasta ese momento director del FOVISSSTE, aunque hubo un breve interinato.<\/p>\n<p>La Comisi\u00f3n Federal de Electricidad es de las m\u00e1s movidas, ya que principi\u00f3 Francisco Rojas Guti\u00e9rrez como director, le sigui\u00f3 Enrique Ochoa Reza y hoy la dirige Jaime Hern\u00e1ndez.<\/p>\n<p>En este recambio de funcionarios en las distintas dependencias, solamente siete de ellos se mantienen inamovibles (por el momento) en los cargos en los que iniciaron la presenta administraci\u00f3n sexenal.<\/p>\n<p>Miguel \u00c1ngelo Osorio Chong sigue siendo secretario de Gobernaci\u00f3n desde el 1 de diciembre de 2012.<\/p>\n<p>Salvador Cienfuegos se mantiene al frente de la Secretar\u00eda de la Defensa Nacional, al igual que Francisco Vidal Sober\u00f3n en la Marina.<\/p>\n<p>Pedro Joaqu\u00edn Coldwell es todav\u00eda el titular de la Secretar\u00eda de Energ\u00eda.<\/p>\n<p>En este compacto grupo se mantienen dos personajes pertenecientes al grupo Edomex, Gerardo Ruiz Esparza como secretario de Comunicaciones y Transportes y Alfonso Navarrete Prida, secretario del Trabajo y Previsi\u00f3n Social.<\/p>\n<p>Ildefonso Guajardo sigue siendo el secretario de Econom\u00eda, con todo y una serie de amagos de relevo.<\/p>\n<p>El otro que se mantiene inalterable en el cargo para el que fue designado es Rafael Tovar y de Teresa, quien asumi\u00f3 la titularidad de la Secretar\u00eda de Cultura, apenas creada en diciembre pasado.<\/p>\n<p>La secretar\u00eda desaparecida es la de Seguridad P\u00fablica, convertida en la Comisi\u00f3n Nacional de Seguridad, por la que han desfilado Manuel Mondrag\u00f3n, Monte Alejandro Rubido y hoy se encuentra bajo el mando de Renato Sales Heredia.<\/p>\n<p><em><a href=\"mailto:ramonzurita44@hotmail.com\" target=\"_blank\">ramonzurita44@hotmail.com<\/a><\/em><br \/>\n<a href=\"mailto:%20zurita_sahagun@hotmail.com\" target=\"_blank\"><em>zurita_sahagun@hotmail.com<\/em><\/a><\/p>\n","protected":false},"excerpt":{"rendered":"<p><span style=\"color: #005497;\"><strong>Ram\u00f3n Zurita Sahag\u00fan<\/strong><\/span><br \/>\n<br \/>\nLos cambios en el gabinete los hace el presidente Enrique Pe\u00f1a Nieto, con el estilo Gatopardo, tratando de que todo cambie, para seguir igual.<\/p>\n","protected":false},"author":3,"featured_media":288446,"comment_status":"open","ping_status":"open","sticky":false,"template":"","format":"standard","meta":{"_monsterinsights_skip_tracking":false,"_monsterinsights_sitenote_active":false,"_monsterinsights_sitenote_note":"","_monsterinsights_sitenote_category":0,"footnotes":""},"categories":[234],"tags":[304,43674,43687],"class_list":["post-288358","post","type-post","status-publish","format-standard","has-post-thumbnail","hentry","category-ramon-zurita-sahagun","tag-de-frente-y-de-perfil","tag-opinion","tag-ramon-zurita-sahagun"],"_links":{"self":[{"href":"https:\/\/www.diarioimagen.net\/index.php?rest_route=\/wp\/v2\/posts\/288358","targetHints":{"allow":["GET"]}}],"collection":[{"href":"https:\/\/www.diarioimagen.net\/index.php?rest_route=\/wp\/v2\/posts"}],"about":[{"href":"https:\/\/www.diarioimagen.net\/index.php?rest_route=\/wp\/v2\/types\/post"}],"author":[{"embeddable":true,"href":"https:\/\/www.diarioimagen.net\/index.php?rest_route=\/wp\/v2\/users\/3"}],"replies":[{"embeddable":true,"href":"https:\/\/www.diarioimagen.net\/index.php?rest_route=%2Fwp%2Fv2%2Fcomments&post=288358"}],"version-history":[{"count":0,"href":"https:\/\/www.diarioimagen.net\/index.php?rest_route=\/wp\/v2\/posts\/288358\/revisions"}],"wp:featuredmedia":[{"embeddable":true,"href":"https:\/\/www.diarioimagen.net\/index.php?rest_route=\/wp\/v2\/media\/288446"}],"wp:attachment":[{"href":"https:\/\/www.diarioimagen.net\/index.php?rest_route=%2Fwp%2Fv2%2Fmedia&parent=288358"}],"wp:term":[{"taxonomy":"category","embeddable":true,"href":"https:\/\/www.diarioimagen.net\/index.php?rest_route=%2Fwp%2Fv2%2Fcategories&post=288358"},{"taxonomy":"post_tag","embeddable":true,"href":"https:\/\/www.diarioimagen.net\/index.php?rest_route=%2Fwp%2Fv2%2Ftags&post=288358"}],"curies":[{"name":"wp","href":"https:\/\/api.w.org\/{rel}","templated":true}]}}