{"id":288361,"date":"2016-09-09T00:07:14","date_gmt":"2016-09-09T05:07:14","guid":{"rendered":"http:\/\/www.diarioimagen.net\/?p=288361"},"modified":"2016-09-09T07:29:17","modified_gmt":"2016-09-09T12:29:17","slug":"drama-infantil-mundial","status":"publish","type":"post","link":"https:\/\/www.diarioimagen.net\/?p=288361","title":{"rendered":"Drama infantil mundial"},"content":{"rendered":"<h2>Punto por punto<\/h2>\n<h5>Augusto Corro<\/h5>\n<p>&nbsp;<\/p>\n<div id=\"attachment_288449\" style=\"width: 430px\" class=\"wp-caption aligncenter\"><a href=\"http:\/\/www.diarioimagen.net\/?attachment_id=288449\" rel=\"attachment wp-att-288449\"><img loading=\"lazy\" decoding=\"async\" aria-describedby=\"caption-attachment-288449\" class=\"size-large wp-image-288449\" src=\"http:\/\/www.diarioimagen.net\/wp-content\/uploads\/2016\/09\/RAMON-2951-420x311.jpg\" alt=\"Ram\u00f3n\" width=\"420\" height=\"311\" srcset=\"https:\/\/www.diarioimagen.net\/wp-content\/uploads\/2016\/09\/RAMON-2951-420x311.jpg 420w, https:\/\/www.diarioimagen.net\/wp-content\/uploads\/2016\/09\/RAMON-2951-240x178.jpg 240w, https:\/\/www.diarioimagen.net\/wp-content\/uploads\/2016\/09\/RAMON-2951-768x568.jpg 768w, https:\/\/www.diarioimagen.net\/wp-content\/uploads\/2016\/09\/RAMON-2951.jpg 1200w\" sizes=\"auto, (max-width: 420px) 100vw, 420px\" \/><\/a><p id=\"caption-attachment-288449\" class=\"wp-caption-text\">Ram\u00f3n<\/p><\/div>\n<p>&nbsp;<\/p>\n<p>El Fondo de las Naciones Unidas para la Infancia (Unicef) inform\u00f3 que 50 millones de ni\u00f1os abandonaron sus hogares en todo el mundo, en busca de una vida mejor.<\/p>\n<p>Ese dato nos lleva a pensar en el drama de los peque\u00f1os migrantes, solos o acompa\u00f1ados por adultos, que enfrentan un sinn\u00famero de riesgos mortales.<\/p>\n<p>Se trata de traves\u00edas por desiertos, selvas y mares en las que perecen miles de personas, incluidos menores. Precisamente, en el Mar Mediterr\u00e1neo es donde el n\u00famero de ahogados es mayor, debido a los naufragios.<\/p>\n<p>La poblaci\u00f3n migratoria, seg\u00fan Unicef, huye de sus pa\u00edses de origen obligados por los problemas ocasionados por las guerras, la violencia criminal y el hambre.<\/p>\n<p>Por problemas b\u00e9licos, 28 millones de ni\u00f1os dejaron Siria y Afganist\u00e1n y\u00a0 17 millones huyeron en busca de protecci\u00f3n en su pa\u00eds y otros 11 en el extranjero.<\/p>\n<p>Otros 20 millones de ni\u00f1os abandonan su hogar en busca de mejores condiciones de vida.<\/p>\n<p>Como se sabe, los ni\u00f1os son los m\u00e1s afectados en esos viajes, pues carecen de agua, comida y albergue, etc.<\/p>\n<p>Precis\u00f3 el organismo internacional que el n\u00famero de peque\u00f1os refugiados se duplic\u00f3 en los \u00faltimos 10 a\u00f1os.<\/p>\n<p>En M\u00e9xico, cada vez es mayor el n\u00famero de ni\u00f1os y adolescentes detenidos y presentados ante la autoridad migratoria, en 2014, fueron 23 mil; en 2015, 39 mil 827 y en lo que va del a\u00f1o 24 mil.<\/p>\n<p>En este caso concreto, el flujo migratorio se increment\u00f3 por la violencia y la falta de oportunidades en los pa\u00edses centroamericanos.<\/p>\n<p>Se trata de un problema internacional que deben resolver los gobiernos de los pa\u00edses implicados, pero, desafortunadamente, a nadie le interesa la soluci\u00f3n.\u00a0 En esas situaciones continuar\u00e1 el drama infantil, no s\u00f3lo en Latinoam\u00e9rica, sino en otras partes del mundo.<\/p>\n<p style=\"text-align: center;\"><strong>LAS IDEAS LOCAS DE TRUMP<\/strong><\/p>\n<p>De plano, el presidente de Estados Unidos, Barack Obama, le declar\u00f3 la guerra abierta al candidato republicano, Donald Trump, al se\u00f1alar que tiene ideas \u201ccompletamente locas\u201d.<\/p>\n<p>Dijo Obama que no cree que el multicitado Trump est\u00e9 calificado para ser presidente de Estados Unidos, pues cada vez que habla, esa opini\u00f3n se confirma\u201d.<\/p>\n<p>Por su parte, el magnate de la construcci\u00f3n dijo el mi\u00e9rcoles pasado que Vladimir Putin, el mandatario ruso, \u201chab\u00eda sido mejor l\u00edder que Obama\u201d. Como se ve, el enfrentamiento contin\u00faa en su apogeo entre los dirigentes pol\u00edticos estadounidenses a unas cuantas semanas de los comicios presidenciales de noviembre.<\/p>\n<p>Ante la esquizofrenia de Trump, Obama dijo: \u201clo m\u00e1s importante para el p\u00fablico y para la prensa es s\u00f3lo escuchar lo que \u00e9l dice y seguirlo y hacerse preguntas sobre lo que parecen ser ideas contradictorias o desinformadas o completamente locas\u201d.<\/p>\n<p>Por lo pronto, el pol\u00edtico millonario pregona\u00a0 la dimisi\u00f3n de Luis Videgaray a la Secretar\u00eda de Hacienda, como ejemplo de \u00e9xito de su viaje a M\u00e9xico.<\/p>\n<p style=\"text-align: center;\"><strong>VALOR DEL D\u00d3LAR PARA EL 2017<\/strong><\/p>\n<p>En sus primeras entrevistas, el otra vez secretario de Hacienda, Jos\u00e9 Antonio Meade, lanz\u00f3 un mensaje que podr\u00eda llevarnos a un respiro en la econom\u00eda: el d\u00f3lar en el 2017 estar\u00e1 en 18.20 pesos.<\/p>\n<p>Si bien es cierto que el valor de nuestro peso no es el deseable, s\u00ed es importante que termine esa fluctuaci\u00f3n que pone a dudar a los inversionistas.<\/p>\n<p>Adem\u00e1s, dijo el funcionario que el Presupuesto 2017 no tendr\u00e1 nuevos impuestos.<\/p>\n<p>Asegur\u00f3 que de ganar Trump, el tipo de cambio peso-d\u00f3lar no llegar\u00e1 a los 30 pesos.<\/p>\n<p>Sobre el citado Presupuesto 2017, adelant\u00f3 que \u201ces el paquete econ\u00f3mico que necesitamos en esta coyuntura, un paquete que mande se\u00f1ales de responsabilidad\u201d.<\/p>\n<p style=\"text-align: center;\"><strong>LOS MILES DE DESAPARECIDOS<\/strong><\/p>\n<p>El Senado recibi\u00f3 un informe que le envi\u00f3 la Secretar\u00eda de Gobernaci\u00f3n en el que se reporta que en 2015 se contabilizaron un total de 27 mil 667 personas desaparecidas o no localizadas en M\u00e9xico.<\/p>\n<p>Se trata de una cifra muy grande de gente, de la que ya no se volvi\u00f3 saber m\u00e1s de ella. Claro, la cifra viene desde el sexenio de Felipe Calder\u00f3n.\u00a0 Ese problema se present\u00f3 casi en todo el pa\u00eds.Aunque encabeza la lista de personas desparecidas el estado de Tamaulipas (con 5 mil 622); le siguen el Estado de M\u00e9xico (2 mil 774); Jalisco y Nuevo Le\u00f3n (2 mil 300 casos cada uno), Sinaloa\u00a0 (mil 848) y Chihuahua (mil 823).<\/p>\n<p style=\"text-align: right;\"><em>Feliz fin de semana.<\/em><\/p>\n<p><em><a href=\"mailto:aco2742@hotmail.com\" target=\"_blank\">aco2742@hotmail.com<\/a><\/em><\/p>\n","protected":false},"excerpt":{"rendered":"<p><span style=\"color: #005497;\"><strong>Augusto Corro<\/strong><\/span><br \/>\n<br \/>\nEl Fondo de las Naciones Unidas para la Infancia (Unicef) inform\u00f3 que 50 millones de ni\u00f1os abandonaron sus hogares en todo el mundo, en busca de una vida mejor.<\/p>\n","protected":false},"author":3,"featured_media":288449,"comment_status":"open","ping_status":"open","sticky":false,"template":"","format":"standard","meta":{"_monsterinsights_skip_tracking":false,"_monsterinsights_sitenote_active":false,"_monsterinsights_sitenote_note":"","_monsterinsights_sitenote_category":0,"footnotes":""},"categories":[157],"tags":[43686,43674,11515],"class_list":["post-288361","post","type-post","status-publish","format-standard","has-post-thumbnail","hentry","category-augusto-corro","tag-augusto-corro","tag-opinion","tag-punto-por-punto"],"_links":{"self":[{"href":"https:\/\/www.diarioimagen.net\/index.php?rest_route=\/wp\/v2\/posts\/288361","targetHints":{"allow":["GET"]}}],"collection":[{"href":"https:\/\/www.diarioimagen.net\/index.php?rest_route=\/wp\/v2\/posts"}],"about":[{"href":"https:\/\/www.diarioimagen.net\/index.php?rest_route=\/wp\/v2\/types\/post"}],"author":[{"embeddable":true,"href":"https:\/\/www.diarioimagen.net\/index.php?rest_route=\/wp\/v2\/users\/3"}],"replies":[{"embeddable":true,"href":"https:\/\/www.diarioimagen.net\/index.php?rest_route=%2Fwp%2Fv2%2Fcomments&post=288361"}],"version-history":[{"count":0,"href":"https:\/\/www.diarioimagen.net\/index.php?rest_route=\/wp\/v2\/posts\/288361\/revisions"}],"wp:featuredmedia":[{"embeddable":true,"href":"https:\/\/www.diarioimagen.net\/index.php?rest_route=\/wp\/v2\/media\/288449"}],"wp:attachment":[{"href":"https:\/\/www.diarioimagen.net\/index.php?rest_route=%2Fwp%2Fv2%2Fmedia&parent=288361"}],"wp:term":[{"taxonomy":"category","embeddable":true,"href":"https:\/\/www.diarioimagen.net\/index.php?rest_route=%2Fwp%2Fv2%2Fcategories&post=288361"},{"taxonomy":"post_tag","embeddable":true,"href":"https:\/\/www.diarioimagen.net\/index.php?rest_route=%2Fwp%2Fv2%2Ftags&post=288361"}],"curies":[{"name":"wp","href":"https:\/\/api.w.org\/{rel}","templated":true}]}}