{"id":288494,"date":"2016-09-12T00:10:35","date_gmt":"2016-09-12T05:10:35","guid":{"rendered":"http:\/\/www.diarioimagen.net\/?p=288494"},"modified":"2016-09-11T23:08:21","modified_gmt":"2016-09-12T04:08:21","slug":"inauguran-en-toluca-la-exposicion-darwin-la-gran-aventura-de-la-ciencia","status":"publish","type":"post","link":"https:\/\/www.diarioimagen.net\/?p=288494","title":{"rendered":"Inauguran en Toluca exposici\u00f3n sobre Darwin"},"content":{"rendered":"<ul>\n<li><strong><em>Se exhibir\u00e1 de manera gratuita hasta diciembre, en el Museo de Bellas Artes<\/em><\/strong><\/li>\n<\/ul>\n<p>&nbsp;<\/p>\n<div id=\"attachment_288495\" style=\"width: 430px\" class=\"wp-caption aligncenter\"><a href=\"http:\/\/www.diarioimagen.net\/?attachment_id=288495\" rel=\"attachment wp-att-288495\"><img loading=\"lazy\" decoding=\"async\" aria-describedby=\"caption-attachment-288495\" class=\"wp-image-288495 size-large\" src=\"http:\/\/www.diarioimagen.net\/wp-content\/uploads\/2016\/09\/DARWIN12-portal-420x245.jpg\" alt=\"\u201cDarwin. La gran Aventura de la Ciencia\u201d, estar\u00e1 en el Museo de Bellas Artes de Toluca, la entrada es gratuita y est\u00e1 abierta de lunes a domingo de 10:00 a 18:00 horas.\" width=\"420\" height=\"245\" srcset=\"https:\/\/www.diarioimagen.net\/wp-content\/uploads\/2016\/09\/DARWIN12-portal-420x245.jpg 420w, https:\/\/www.diarioimagen.net\/wp-content\/uploads\/2016\/09\/DARWIN12-portal-240x140.jpg 240w, https:\/\/www.diarioimagen.net\/wp-content\/uploads\/2016\/09\/DARWIN12-portal.jpg 480w\" sizes=\"auto, (max-width: 420px) 100vw, 420px\" \/><\/a><p id=\"caption-attachment-288495\" class=\"wp-caption-text\">Eruviel \u00c1vila Villegas, y el secretario federal de Cultura, Rafael Tovar y de Teresa, inauguraron la exposici\u00f3n \u201cDarwin. La Gran Aventura de la Ciencia\u201d.<\/p><\/div>\n<p>&nbsp;<\/p>\n<p><strong>Toluca, Estado de M\u00e9xico<\/strong>.- El gobernador Eruviel \u00c1vila Villegas y el secretario federal de Cultura, Rafael Tovar y de Teresa,\u00a0 inauguraron la exposici\u00f3n \u201cDarwin. La Gran Aventura de la Ciencia\u201d, considerada la muestra m\u00e1s completa de espec\u00edmenes, artefactos, manuscritos y objetos de la vida del creador de la teor\u00eda del Origen de las Especies, que se exhibir\u00e1n de manera gratuita hasta el 11 de diciembre en el Museo de Bellas Artes de la capital mexiquense.<\/p>\n<p>\u201cCuando hablamos de democratizar la cultura es darle a la gente la oportunidad, de que quien no tenga recursos, pueda tener esta gran oportunidad de conocer exposiciones de talla internacional, como la que estamos hoy inaugurando.<\/p>\n<p>\u201cArte y cultura son dos elementos indispensables para el desarrollo de cualquier sociedad, el capital cultural no s\u00f3lo fortalece la actividad tur\u00edstica de una ciudad o de una regi\u00f3n, sino que tambi\u00e9n es un mecanismo para fortalecer la identidad de sus habitantes, el mejor ant\u00eddoto para el aislamiento y la fermentaci\u00f3n social es la cultura\u201d, afirm\u00f3 el gobernador mexiquense.<\/p>\n<p>Se ha presentado en m\u00e1s de 13 pa\u00edses, y en M\u00e9xico en estados como Morelos, San Luis Potos\u00ed y la Ciudad de M\u00e9xico, y la cual fue ideada y organizada por el Museo Americano de Historia Natural de Nueva York, en coordinaci\u00f3n con el Museo de Ciencias de Boston, el Field Museum de Chicago, Royal Ontario Museum de Toronto y el Museo de Historia Natural de Londres, y ahora llega al Edomex despu\u00e9s de visitar cuatro ciudades del pa\u00eds.<\/p>\n<p>Eruviel \u00c1vila manifest\u00f3 que la cultura es la herramienta m\u00e1s poderosa para componer el tejido social, ya que con ella se impulsa la paz y la estabilidad de cualquier regi\u00f3n del pa\u00eds, y en el caso de esta exposici\u00f3n acercar\u00e1 a los mexiquenses al mundo de la ciencia.<\/p>\n<p>Al destacar el apoyo que el gobierno federal ha brindado al Edomex para realizar diferentes acciones en materia cultural, destac\u00f3 algunas de las obras que se han realizado en este sentido en la entidad, como la remodelaci\u00f3n del Teatro Morelos y el Cosmovitral, en la ciudad de Toluca y los trabajos de mantenimiento del Museo Virreinal en Zinacantepec.<\/p>\n<p style=\"text-align: center;\"><strong>Llega r\u00e9plica de la Capilla Sixtina<\/strong><\/p>\n<p>El gobernador \u00c1vila Villegas y el secretario de Cultura, tambi\u00e9n dieron a conocer que en octubre llegar\u00e1 a la ciudad de Toluca la r\u00e9plica de la Capilla Sixtina, que consta de 3 millones de fotograf\u00edas de las obras de Miguel \u00c1ngel Buonarroti, realizada hace 500 a\u00f1os.<\/p>\n<p>El gobernador mexiquense solicit\u00f3 al funcionario federal que esta exposici\u00f3n tambi\u00e9n se pueda llevar a la zona del Valle de M\u00e9xico, para que m\u00e1s mexiquenses la disfruten.<\/p>\n","protected":false},"excerpt":{"rendered":"<p>El gobernador Eruviel \u00c1vila Villegas y el secretario federal de Cultura, Rafael Tovar y de Teresa,  inauguraron la exposici\u00f3n \u201cDarwin. La Gran Aventura de la Ciencia\u201d, considerada la muestra m\u00e1s completa de espec\u00edmenes, artefactos, manuscritos y objetos de la vida del creador de la teor\u00eda del Origen de las Especies, que se exhibir\u00e1n de manera gratuita hasta el 11 de diciembre en el Museo de Bellas Artes de la capital mexiquense.<\/p>\n","protected":false},"author":5,"featured_media":288495,"comment_status":"open","ping_status":"open","sticky":false,"template":"","format":"standard","meta":{"_monsterinsights_skip_tracking":false,"_monsterinsights_sitenote_active":false,"_monsterinsights_sitenote_note":"","_monsterinsights_sitenote_category":0,"footnotes":""},"categories":[5],"tags":[5828,43675,25575],"class_list":["post-288494","post","type-post","status-publish","format-standard","has-post-thumbnail","hentry","category-estado-de-mexico","tag-eruviel-avila-villegas","tag-estado-de-mexico","tag-rafael-tovar-y-de-teresa"],"_links":{"self":[{"href":"https:\/\/www.diarioimagen.net\/index.php?rest_route=\/wp\/v2\/posts\/288494","targetHints":{"allow":["GET"]}}],"collection":[{"href":"https:\/\/www.diarioimagen.net\/index.php?rest_route=\/wp\/v2\/posts"}],"about":[{"href":"https:\/\/www.diarioimagen.net\/index.php?rest_route=\/wp\/v2\/types\/post"}],"author":[{"embeddable":true,"href":"https:\/\/www.diarioimagen.net\/index.php?rest_route=\/wp\/v2\/users\/5"}],"replies":[{"embeddable":true,"href":"https:\/\/www.diarioimagen.net\/index.php?rest_route=%2Fwp%2Fv2%2Fcomments&post=288494"}],"version-history":[{"count":0,"href":"https:\/\/www.diarioimagen.net\/index.php?rest_route=\/wp\/v2\/posts\/288494\/revisions"}],"wp:featuredmedia":[{"embeddable":true,"href":"https:\/\/www.diarioimagen.net\/index.php?rest_route=\/wp\/v2\/media\/288495"}],"wp:attachment":[{"href":"https:\/\/www.diarioimagen.net\/index.php?rest_route=%2Fwp%2Fv2%2Fmedia&parent=288494"}],"wp:term":[{"taxonomy":"category","embeddable":true,"href":"https:\/\/www.diarioimagen.net\/index.php?rest_route=%2Fwp%2Fv2%2Fcategories&post=288494"},{"taxonomy":"post_tag","embeddable":true,"href":"https:\/\/www.diarioimagen.net\/index.php?rest_route=%2Fwp%2Fv2%2Ftags&post=288494"}],"curies":[{"name":"wp","href":"https:\/\/api.w.org\/{rel}","templated":true}]}}