{"id":288568,"date":"2016-09-12T00:07:18","date_gmt":"2016-09-12T05:07:18","guid":{"rendered":"http:\/\/www.diarioimagen.net\/?p=288568"},"modified":"2016-09-12T07:15:29","modified_gmt":"2016-09-12T12:15:29","slug":"coronan-a-la-reina-de-las-fiestas-patrias-de-metepec","status":"publish","type":"post","link":"https:\/\/www.diarioimagen.net\/?p=288568","title":{"rendered":"Coronan a la Reina de las Fiestas Patrias de Metepec"},"content":{"rendered":"<ul>\n<li><strong><em>Dara Natahel Medina Valle<\/em><\/strong><\/li>\n<\/ul>\n<p>&nbsp;<\/p>\n<div id=\"attachment_288673\" style=\"width: 430px\" class=\"wp-caption aligncenter\"><a href=\"http:\/\/www.diarioimagen.net\/?attachment_id=288673\" rel=\"attachment wp-att-288673\"><img loading=\"lazy\" decoding=\"async\" aria-describedby=\"caption-attachment-288673\" class=\"size-large wp-image-288673\" src=\"http:\/\/www.diarioimagen.net\/wp-content\/uploads\/2016\/09\/METEPEC-2592-420x236.jpg\" alt=\"La presidenta del DIF, Gabriela Bringas Abarca, y el alcalde David L\u00f3pez C\u00e1rdenas, coronaron a Dara Natahel Medina Valle.\" width=\"420\" height=\"236\" srcset=\"https:\/\/www.diarioimagen.net\/wp-content\/uploads\/2016\/09\/METEPEC-2592-420x236.jpg 420w, https:\/\/www.diarioimagen.net\/wp-content\/uploads\/2016\/09\/METEPEC-2592-240x135.jpg 240w, https:\/\/www.diarioimagen.net\/wp-content\/uploads\/2016\/09\/METEPEC-2592-235x132.jpg 235w, https:\/\/www.diarioimagen.net\/wp-content\/uploads\/2016\/09\/METEPEC-2592-202x114.jpg 202w, https:\/\/www.diarioimagen.net\/wp-content\/uploads\/2016\/09\/METEPEC-2592-350x196.jpg 350w, https:\/\/www.diarioimagen.net\/wp-content\/uploads\/2016\/09\/METEPEC-2592-220x123.jpg 220w, https:\/\/www.diarioimagen.net\/wp-content\/uploads\/2016\/09\/METEPEC-2592-237x132.jpg 237w, https:\/\/www.diarioimagen.net\/wp-content\/uploads\/2016\/09\/METEPEC-2592.jpg 480w\" sizes=\"auto, (max-width: 420px) 100vw, 420px\" \/><\/a><p id=\"caption-attachment-288673\" class=\"wp-caption-text\">La presidenta del DIF, Gabriela Bringas Abarca, y el alcalde David L\u00f3pez C\u00e1rdenas, coronaron a Dara Natahel Medina Valle.<\/p><\/div>\n<p>&nbsp;<\/p>\n<p><strong>Metepec, Estado de M\u00e9xico.-<\/strong> En el marco de los festejos por el 206 aniversario del inicio de la Independencia de M\u00e9xico, en un ambiente familiar y de alegr\u00eda fue elegida la Reina de las Fiestas Patrias de Metepec y sus dos princesas, quienes acompa\u00f1ar\u00e1n las actividades conmemorativas en este municipio.<\/p>\n<p>El auditorio del Museo del Barro fue el escenario en donde la presidenta del DIF, Gabriela Bringas Abarca y el alcalde David L\u00f3pez C\u00e1rdenas, coronaron a Dara Natahel Medina Valle, originaria de la colonia Jorge Jim\u00e9nez Cant\u00fa como reina y como princesas a Valeria Dannae Jaimes Morquecho y Luz Cristina Garc\u00eda Guerrero, vecinas de la colonia H\u00edpico y San Lorenzo Coacalco, respectivamente.<\/p>\n<p>Al certamen se inscribieron 11 participantes y de acuerdo con las bases de la convocatoria ganar\u00eda la que m\u00e1s votos tuviera de acuerdo a una colecta.<\/p>\n<p>Al hacer uso de la palabra el presidente municipal David L\u00f3pez C\u00e1rdenas, reconoci\u00f3 la participaci\u00f3n activa de la juventud y dijo que su gobierno tiene las puertas abiertas para todo aquel que desee participar \u201cser estudiantes de nivel medio superior y participar de forma activa en las convocatorias de su comunidad, es una extraordinaria forma de honrar a nuestro pa\u00eds\u201d.<\/p>\n<p>&nbsp;<\/p>\n<p>&nbsp;<\/p>\n","protected":false},"excerpt":{"rendered":"<p>En el marco de los festejos por el 206 aniversario del inicio de la Independencia de M\u00e9xico, en un ambiente familiar y de alegr\u00eda fue elegida la Reina de las Fiestas Patrias de Metepec y sus dos princesas, quienes acompa\u00f1ar\u00e1n las actividades conmemorativas en este municipio.<\/p>\n","protected":false},"author":3,"featured_media":288673,"comment_status":"open","ping_status":"open","sticky":false,"template":"","format":"standard","meta":{"_monsterinsights_skip_tracking":false,"_monsterinsights_sitenote_active":false,"_monsterinsights_sitenote_note":"","_monsterinsights_sitenote_category":0,"footnotes":""},"categories":[35155],"tags":[43675,12164,876],"class_list":["post-288568","post","type-post","status-publish","format-standard","has-post-thumbnail","hentry","category-estado-de-mexico-estado-de-mexico","tag-estado-de-mexico","tag-fiestas-patrias","tag-metepec"],"_links":{"self":[{"href":"https:\/\/www.diarioimagen.net\/index.php?rest_route=\/wp\/v2\/posts\/288568","targetHints":{"allow":["GET"]}}],"collection":[{"href":"https:\/\/www.diarioimagen.net\/index.php?rest_route=\/wp\/v2\/posts"}],"about":[{"href":"https:\/\/www.diarioimagen.net\/index.php?rest_route=\/wp\/v2\/types\/post"}],"author":[{"embeddable":true,"href":"https:\/\/www.diarioimagen.net\/index.php?rest_route=\/wp\/v2\/users\/3"}],"replies":[{"embeddable":true,"href":"https:\/\/www.diarioimagen.net\/index.php?rest_route=%2Fwp%2Fv2%2Fcomments&post=288568"}],"version-history":[{"count":0,"href":"https:\/\/www.diarioimagen.net\/index.php?rest_route=\/wp\/v2\/posts\/288568\/revisions"}],"wp:featuredmedia":[{"embeddable":true,"href":"https:\/\/www.diarioimagen.net\/index.php?rest_route=\/wp\/v2\/media\/288673"}],"wp:attachment":[{"href":"https:\/\/www.diarioimagen.net\/index.php?rest_route=%2Fwp%2Fv2%2Fmedia&parent=288568"}],"wp:term":[{"taxonomy":"category","embeddable":true,"href":"https:\/\/www.diarioimagen.net\/index.php?rest_route=%2Fwp%2Fv2%2Fcategories&post=288568"},{"taxonomy":"post_tag","embeddable":true,"href":"https:\/\/www.diarioimagen.net\/index.php?rest_route=%2Fwp%2Fv2%2Ftags&post=288568"}],"curies":[{"name":"wp","href":"https:\/\/api.w.org\/{rel}","templated":true}]}}