{"id":288734,"date":"2016-09-13T00:06:46","date_gmt":"2016-09-13T05:06:46","guid":{"rendered":"http:\/\/www.diarioimagen.net\/?p=288734"},"modified":"2016-09-13T23:54:07","modified_gmt":"2016-09-14T04:54:07","slug":"mayores-oportunidades-para-personas-con-discapacidad-eruviel-avila","status":"publish","type":"post","link":"https:\/\/www.diarioimagen.net\/?p=288734","title":{"rendered":"M\u00e1s oportunidades para personas con discapacidad"},"content":{"rendered":"<ul>\n<li><strong><em>Se trabaja para que tengan una mejor calidad de vida: Eruviel \u00c1vila<\/em><\/strong><\/li>\n<\/ul>\n<p>&nbsp;<\/p>\n<div id=\"attachment_288735\" style=\"width: 430px\" class=\"wp-caption aligncenter\"><a href=\"http:\/\/www.diarioimagen.net\/?attachment_id=288735\" rel=\"attachment wp-att-288735\"><img loading=\"lazy\" decoding=\"async\" aria-describedby=\"caption-attachment-288735\" class=\"wp-image-288735 size-large\" src=\"http:\/\/www.diarioimagen.net\/wp-content\/uploads\/2016\/09\/ERUVIEL13-portal-420x245.jpg\" alt=\"El gobernador Eruviel \u00c1vila y la titular de la Sedatu, Rosario Robles Berlanga, asistieron al Encuentro Nacional de Organismos en Pro de la Discapacidad.\" width=\"420\" height=\"245\" srcset=\"https:\/\/www.diarioimagen.net\/wp-content\/uploads\/2016\/09\/ERUVIEL13-portal-420x245.jpg 420w, https:\/\/www.diarioimagen.net\/wp-content\/uploads\/2016\/09\/ERUVIEL13-portal-240x140.jpg 240w, https:\/\/www.diarioimagen.net\/wp-content\/uploads\/2016\/09\/ERUVIEL13-portal.jpg 480w\" sizes=\"auto, (max-width: 420px) 100vw, 420px\" \/><\/a><p id=\"caption-attachment-288735\" class=\"wp-caption-text\">El gobernador Eruviel \u00c1vila Villegas asisti\u00f3 al Encuentro Nacional de Organismos en Pro de la Discapacidad, realizado en Toluca.<\/p><\/div>\n<p>&nbsp;<\/p>\n<p><strong>Toluca, Estado de M\u00e9xico<\/strong>.- El gobernador Eruviel \u00c1vila Villegas indic\u00f3 que en el Estado de M\u00e9xico se trabaja para tener una sociedad m\u00e1s incluyente, brindando a las personas con discapacidad herramientas para que tengan una mejor calidad de vida, por ejemplo a trav\u00e9s de becas a estudiantes con problemas visuales, adem\u00e1s de poner en operaci\u00f3n el Centro Regional de Desarrollo Infantil y Autismo en Ixtapaluca, el Centro de Rehabilitaci\u00f3n y Educaci\u00f3n Especial en Toluca, el Hospital Mexiquense de la Salud Visual en Naucalpan, entre otras acciones.<\/p>\n<p>\u201cLo menos que podemos hacer los gobiernos es solidarizarnos, decirles que no est\u00e1n solos, y en los hechos, con acciones, con recursos, con leyes en la mano, demostrarles que efectivamente no est\u00e1n solos, cuentan con nosotros siempre, para lograr ese verdadero desarrollo y esa accesibilidad universal\u201d, expres\u00f3.<\/p>\n<p>En Toluca, durante el Encuentro Nacional de Organismos en Pro de la Discapacidad, el gobernador Eruviel \u00c1vila firm\u00f3, junto con la secretaria de Desarrollo Agrario, Territorial y Urbano, Rosario Robles Berlanga, y la directora general del Consejo Nacional para el Desarrollo y la Inclusi\u00f3n de las Personas con Discapacidad, Mercedes Juan L\u00f3pez, un convenio para emprender diferentes acciones del Programa Nacional para el Desarrollo y la Inclusi\u00f3n de las Personas con Discapacidad.<\/p>\n<p>En este sentido, y luego de entregar apoyos, como sillas de ruedas, el mandatario mexiquense manifest\u00f3 que en el Edom\u00e9x se armonizar\u00e1 la legislaci\u00f3n estatal con la federal en esta materia, haciendo equipo con las organizaciones civiles pro discapacidad,\u00a0 con la finalidad de que sea la mejor en todo el pa\u00eds.<\/p>\n<p>\u201cHoy se hace patente el compromiso del gobierno que encabeza el presidente Pe\u00f1a Nieto, del gobierno del estado, de gobiernos municipales a trav\u00e9s de los DIF municipales, de m\u00e1s de 200 organizaciones civiles, fundaciones de asistencia privada para construir una sociedad m\u00e1s incluyente. Nos reunimos en este encuentro por una causa, sumar esfuerzos para promover la inclusi\u00f3n de las personas con discapacidad\u201d, dijo.<\/p>\n<p>Por su parte, Rosario Robles se\u00f1al\u00f3 que desde la Sedatu se impulsan acciones para mejorar la vivienda de las personas con discapacidad, como la entrega de 13 mil subsidios para que puedan adaptar y modificar sus casas, de acuerdo con las necesidades que requieran cubrir, adem\u00e1s\u00a0 a partir de este a\u00f1o, todos los espacios p\u00fablicos deben contar con criterios de accesibilidad universal, es decir, en donde todas las personas puedan convivir, sin importar si tienen alg\u00fan tipo de discapacidad, si son adultos mayores, j\u00f3venes o ni\u00f1os.<\/p>\n","protected":false},"excerpt":{"rendered":"<p>El gobernador Eruviel \u00c1vila Villegas indic\u00f3 que en el Estado de M\u00e9xico se trabaja para tener una sociedad m\u00e1s incluyente, brindando a las personas con discapacidad herramientas para que tengan una mejor calidad de vida, por ejemplo a trav\u00e9s de becas a estudiantes con problemas visuales, adem\u00e1s de poner en operaci\u00f3n el Centro Regional de Desarrollo Infantil y Autismo en Ixtapaluca, el Centro de Rehabilitaci\u00f3n y Educaci\u00f3n Especial en Toluca, el Hospital Mexiquense de la Salud Visual en Naucalpan, entre otras acciones.<\/p>\n","protected":false},"author":5,"featured_media":288735,"comment_status":"open","ping_status":"open","sticky":false,"template":"","format":"standard","meta":{"_monsterinsights_skip_tracking":false,"_monsterinsights_sitenote_active":false,"_monsterinsights_sitenote_note":"","_monsterinsights_sitenote_category":0,"footnotes":""},"categories":[5],"tags":[11642,24566,43675,9562,452],"class_list":["post-288734","post","type-post","status-publish","format-standard","has-post-thumbnail","hentry","category-estado-de-mexico","tag-becas","tag-discapacidad","tag-estado-de-mexico","tag-rosario-robles-berlanga","tag-toluca"],"_links":{"self":[{"href":"https:\/\/www.diarioimagen.net\/index.php?rest_route=\/wp\/v2\/posts\/288734","targetHints":{"allow":["GET"]}}],"collection":[{"href":"https:\/\/www.diarioimagen.net\/index.php?rest_route=\/wp\/v2\/posts"}],"about":[{"href":"https:\/\/www.diarioimagen.net\/index.php?rest_route=\/wp\/v2\/types\/post"}],"author":[{"embeddable":true,"href":"https:\/\/www.diarioimagen.net\/index.php?rest_route=\/wp\/v2\/users\/5"}],"replies":[{"embeddable":true,"href":"https:\/\/www.diarioimagen.net\/index.php?rest_route=%2Fwp%2Fv2%2Fcomments&post=288734"}],"version-history":[{"count":0,"href":"https:\/\/www.diarioimagen.net\/index.php?rest_route=\/wp\/v2\/posts\/288734\/revisions"}],"wp:featuredmedia":[{"embeddable":true,"href":"https:\/\/www.diarioimagen.net\/index.php?rest_route=\/wp\/v2\/media\/288735"}],"wp:attachment":[{"href":"https:\/\/www.diarioimagen.net\/index.php?rest_route=%2Fwp%2Fv2%2Fmedia&parent=288734"}],"wp:term":[{"taxonomy":"category","embeddable":true,"href":"https:\/\/www.diarioimagen.net\/index.php?rest_route=%2Fwp%2Fv2%2Fcategories&post=288734"},{"taxonomy":"post_tag","embeddable":true,"href":"https:\/\/www.diarioimagen.net\/index.php?rest_route=%2Fwp%2Fv2%2Ftags&post=288734"}],"curies":[{"name":"wp","href":"https:\/\/api.w.org\/{rel}","templated":true}]}}