{"id":288798,"date":"2016-09-13T00:04:52","date_gmt":"2016-09-13T05:04:52","guid":{"rendered":"http:\/\/www.diarioimagen.net\/?p=288798"},"modified":"2016-09-13T03:40:19","modified_gmt":"2016-09-13T08:40:19","slug":"se-pronuncian-en-tlalnepantla-por-una-superpolicia-bien-supervisada","status":"publish","type":"post","link":"https:\/\/www.diarioimagen.net\/?p=288798","title":{"rendered":"Se pronuncian en Tlalnepantla por una \u201csuperpolic\u00eda\u201d bien supervisada"},"content":{"rendered":"<ul>\n<li><strong><em>Preocupa al\u00a0 empresario Ulises Murgu\u00eda inseguridad<\/em><\/strong><\/li>\n<\/ul>\n<p>&nbsp;<\/p>\n<div id=\"attachment_288868\" style=\"width: 430px\" class=\"wp-caption aligncenter\"><a href=\"http:\/\/www.diarioimagen.net\/?attachment_id=288868\" rel=\"attachment wp-att-288868\"><img loading=\"lazy\" decoding=\"async\" aria-describedby=\"caption-attachment-288868\" class=\"size-large wp-image-288868\" src=\"http:\/\/www.diarioimagen.net\/wp-content\/uploads\/2016\/09\/TLALNEPANTLA-2953-420x236.jpg\" alt=\"El empresario Ulises Murgu\u00eda Soto asegur\u00f3 que urge una polic\u00eda comprometida con los ciudadanos.\" width=\"420\" height=\"236\" srcset=\"https:\/\/www.diarioimagen.net\/wp-content\/uploads\/2016\/09\/TLALNEPANTLA-2953-420x236.jpg 420w, https:\/\/www.diarioimagen.net\/wp-content\/uploads\/2016\/09\/TLALNEPANTLA-2953-240x135.jpg 240w, https:\/\/www.diarioimagen.net\/wp-content\/uploads\/2016\/09\/TLALNEPANTLA-2953-235x132.jpg 235w, https:\/\/www.diarioimagen.net\/wp-content\/uploads\/2016\/09\/TLALNEPANTLA-2953-202x114.jpg 202w, https:\/\/www.diarioimagen.net\/wp-content\/uploads\/2016\/09\/TLALNEPANTLA-2953-350x196.jpg 350w, https:\/\/www.diarioimagen.net\/wp-content\/uploads\/2016\/09\/TLALNEPANTLA-2953-220x123.jpg 220w, https:\/\/www.diarioimagen.net\/wp-content\/uploads\/2016\/09\/TLALNEPANTLA-2953-237x132.jpg 237w, https:\/\/www.diarioimagen.net\/wp-content\/uploads\/2016\/09\/TLALNEPANTLA-2953.jpg 480w\" sizes=\"auto, (max-width: 420px) 100vw, 420px\" \/><\/a><p id=\"caption-attachment-288868\" class=\"wp-caption-text\">El empresario Ulises Murgu\u00eda Soto asegur\u00f3 que urge una polic\u00eda comprometida con los ciudadanos.<\/p><\/div>\n<p>&nbsp;<\/p>\n<p><strong>Tlalnepantla, Estado de M\u00e9xico<\/strong>.- El l\u00edder social y empresario Ulises Murgu\u00eda Soto, asegur\u00f3 que la inseguridad p\u00fablica se ha incrementado, debido a las malas decisiones de crear mandos \u00fanicos que entorpecen la actividad operativa de las polic\u00edas municipales y estatales.<\/p>\n<p>En conferencia de prensa y ante representantes de las asociaciones civiles m\u00e1s importantes del Estado de M\u00e9xico, el tambi\u00e9n ex candidato a diputado federal opin\u00f3 que la figura del mando \u00fanico, es inviable.<\/p>\n<p>Lo anterior, recalc\u00f3, porque su labor no distingue mandos ni funciones policiales y su existencia provoca que sirvan solamente como organismos de control e informaci\u00f3n, a una l\u00ednea \u00fanica de gobierno.<\/p>\n<p>\u201cPero esto no es funcional, pues se pierde ese control entre los 32 estados del pa\u00eds,\u00a0 ya que cada uno enfrenta diversos delitos, as\u00ed como a distintas organizaciones delictivas, las cuales son territoriales e incluso, en un mismo estado, se enfrentan estas diversidades en los municipios que los integran\u201d, subray\u00f3 Ulises Murgu\u00eda.<\/p>\n<p>Al referirse a los ex\u00e1menes de control de confianza, indic\u00f3 que \u00e9stos est\u00e1n llenos de corrupci\u00f3n, por su t\u00edpica y regular aplicaci\u00f3n, toda vez que \u201choy d\u00eda con la madurez y ma\u00f1as de los elementos policiacos, es necesario crear una superpolic\u00eda\u201d, que est\u00e9 supervisada y comprometida con los ciudadanos.<\/p>\n<p>Dijo finalmente que s\u00f3lo de esta manera, se lograr\u00e1 un control y una eficiencia comprobada de sus operativos zonificados y no tendr\u00e1n que enredarse en compromisos nacionales, ya que a la fecha ya han fracasado estrepitosamente\u201d.<\/p>\n<p>&nbsp;<\/p>\n","protected":false},"excerpt":{"rendered":"<p>El l\u00edder social y empresario Ulises Murgu\u00eda Soto, asegur\u00f3 que la inseguridad p\u00fablica se ha incrementado, debido a las malas decisiones de crear mandos \u00fanicos que entorpecen la actividad operativa de las polic\u00edas municipales y estatales.<\/p>\n","protected":false},"author":3,"featured_media":288868,"comment_status":"open","ping_status":"open","sticky":false,"template":"","format":"standard","meta":{"_monsterinsights_skip_tracking":false,"_monsterinsights_sitenote_active":false,"_monsterinsights_sitenote_note":"","_monsterinsights_sitenote_category":0,"footnotes":""},"categories":[35155],"tags":[43675,169],"class_list":["post-288798","post","type-post","status-publish","format-standard","has-post-thumbnail","hentry","category-estado-de-mexico-estado-de-mexico","tag-estado-de-mexico","tag-tlalnepantla"],"_links":{"self":[{"href":"https:\/\/www.diarioimagen.net\/index.php?rest_route=\/wp\/v2\/posts\/288798","targetHints":{"allow":["GET"]}}],"collection":[{"href":"https:\/\/www.diarioimagen.net\/index.php?rest_route=\/wp\/v2\/posts"}],"about":[{"href":"https:\/\/www.diarioimagen.net\/index.php?rest_route=\/wp\/v2\/types\/post"}],"author":[{"embeddable":true,"href":"https:\/\/www.diarioimagen.net\/index.php?rest_route=\/wp\/v2\/users\/3"}],"replies":[{"embeddable":true,"href":"https:\/\/www.diarioimagen.net\/index.php?rest_route=%2Fwp%2Fv2%2Fcomments&post=288798"}],"version-history":[{"count":0,"href":"https:\/\/www.diarioimagen.net\/index.php?rest_route=\/wp\/v2\/posts\/288798\/revisions"}],"wp:featuredmedia":[{"embeddable":true,"href":"https:\/\/www.diarioimagen.net\/index.php?rest_route=\/wp\/v2\/media\/288868"}],"wp:attachment":[{"href":"https:\/\/www.diarioimagen.net\/index.php?rest_route=%2Fwp%2Fv2%2Fmedia&parent=288798"}],"wp:term":[{"taxonomy":"category","embeddable":true,"href":"https:\/\/www.diarioimagen.net\/index.php?rest_route=%2Fwp%2Fv2%2Fcategories&post=288798"},{"taxonomy":"post_tag","embeddable":true,"href":"https:\/\/www.diarioimagen.net\/index.php?rest_route=%2Fwp%2Fv2%2Ftags&post=288798"}],"curies":[{"name":"wp","href":"https:\/\/api.w.org\/{rel}","templated":true}]}}