{"id":288800,"date":"2016-09-13T00:08:43","date_gmt":"2016-09-13T05:08:43","guid":{"rendered":"http:\/\/www.diarioimagen.net\/?p=288800"},"modified":"2016-09-13T03:44:48","modified_gmt":"2016-09-13T08:44:48","slug":"acude-cruz-roa-a-inauguracion-del-foro-internacional-del-notario-del-siglo-xxi","status":"publish","type":"post","link":"https:\/\/www.diarioimagen.net\/?p=288800","title":{"rendered":"Acude Cruz Roa a inauguraci\u00f3n del Foro Internacional del Notario del Siglo XXI"},"content":{"rendered":"<p><a href=\"http:\/\/www.diarioimagen.net\/?attachment_id=288875\" rel=\"attachment wp-att-288875\"><img loading=\"lazy\" decoding=\"async\" class=\"aligncenter size-large wp-image-288875\" src=\"http:\/\/www.diarioimagen.net\/wp-content\/uploads\/2016\/09\/CRUZ-ROA-2953-420x236.jpg\" alt=\"cruz-roa-2953\" width=\"420\" height=\"236\" srcset=\"https:\/\/www.diarioimagen.net\/wp-content\/uploads\/2016\/09\/CRUZ-ROA-2953-420x236.jpg 420w, https:\/\/www.diarioimagen.net\/wp-content\/uploads\/2016\/09\/CRUZ-ROA-2953-240x135.jpg 240w, https:\/\/www.diarioimagen.net\/wp-content\/uploads\/2016\/09\/CRUZ-ROA-2953-235x132.jpg 235w, https:\/\/www.diarioimagen.net\/wp-content\/uploads\/2016\/09\/CRUZ-ROA-2953-202x114.jpg 202w, https:\/\/www.diarioimagen.net\/wp-content\/uploads\/2016\/09\/CRUZ-ROA-2953-350x196.jpg 350w, https:\/\/www.diarioimagen.net\/wp-content\/uploads\/2016\/09\/CRUZ-ROA-2953-220x123.jpg 220w, https:\/\/www.diarioimagen.net\/wp-content\/uploads\/2016\/09\/CRUZ-ROA-2953-237x132.jpg 237w, https:\/\/www.diarioimagen.net\/wp-content\/uploads\/2016\/09\/CRUZ-ROA-2953.jpg 480w\" sizes=\"auto, (max-width: 420px) 100vw, 420px\" \/><\/a><\/p>\n<p>&nbsp;<\/p>\n<p><strong>Toluca de Lerdo, M\u00e9xico.-<\/strong> El presidente de la Junta de Coordinaci\u00f3n Pol\u00edtica de la 59 Legislatura mexiquense, diputado Cruz Roa S\u00e1nchez, acudi\u00f3 a la inauguraci\u00f3n del Foro Internacional del Notario del Siglo XXI, con el gobernador Eruviel \u00c1vila Villegas, quien reconoci\u00f3 a los notarios del Estado de M\u00e9xico por dar certidumbre jur\u00eddica a los mexiquenses y favorecer el desarrollo econ\u00f3mico de la entidad.<\/p>\n","protected":false},"excerpt":{"rendered":"<p>El presidente de la Junta de Coordinaci\u00f3n Pol\u00edtica de la 59 Legislatura mexiquense, diputado Cruz Roa S\u00e1nchez, acudi\u00f3 a la inauguraci\u00f3n del Foro Internacional del Notario del Siglo XXI, con el gobernador Eruviel \u00c1vila Villegas, quien reconoci\u00f3 a los notarios del Estado de M\u00e9xico por dar certidumbre jur\u00eddica a los mexiquenses y favorecer el desarrollo econ\u00f3mico de la entidad.<\/p>\n","protected":false},"author":3,"featured_media":288875,"comment_status":"open","ping_status":"open","sticky":false,"template":"","format":"standard","meta":{"_monsterinsights_skip_tracking":false,"_monsterinsights_sitenote_active":false,"_monsterinsights_sitenote_note":"","_monsterinsights_sitenote_category":0,"footnotes":""},"categories":[35155],"tags":[50923,44,51994],"class_list":["post-288800","post","type-post","status-publish","format-standard","has-post-thumbnail","hentry","category-estado-de-mexico-estado-de-mexico","tag-cruz-roa-sanchez","tag-mexico","tag-toluca-de-lerdo"],"_links":{"self":[{"href":"https:\/\/www.diarioimagen.net\/index.php?rest_route=\/wp\/v2\/posts\/288800","targetHints":{"allow":["GET"]}}],"collection":[{"href":"https:\/\/www.diarioimagen.net\/index.php?rest_route=\/wp\/v2\/posts"}],"about":[{"href":"https:\/\/www.diarioimagen.net\/index.php?rest_route=\/wp\/v2\/types\/post"}],"author":[{"embeddable":true,"href":"https:\/\/www.diarioimagen.net\/index.php?rest_route=\/wp\/v2\/users\/3"}],"replies":[{"embeddable":true,"href":"https:\/\/www.diarioimagen.net\/index.php?rest_route=%2Fwp%2Fv2%2Fcomments&post=288800"}],"version-history":[{"count":0,"href":"https:\/\/www.diarioimagen.net\/index.php?rest_route=\/wp\/v2\/posts\/288800\/revisions"}],"wp:featuredmedia":[{"embeddable":true,"href":"https:\/\/www.diarioimagen.net\/index.php?rest_route=\/wp\/v2\/media\/288875"}],"wp:attachment":[{"href":"https:\/\/www.diarioimagen.net\/index.php?rest_route=%2Fwp%2Fv2%2Fmedia&parent=288800"}],"wp:term":[{"taxonomy":"category","embeddable":true,"href":"https:\/\/www.diarioimagen.net\/index.php?rest_route=%2Fwp%2Fv2%2Fcategories&post=288800"},{"taxonomy":"post_tag","embeddable":true,"href":"https:\/\/www.diarioimagen.net\/index.php?rest_route=%2Fwp%2Fv2%2Ftags&post=288800"}],"curies":[{"name":"wp","href":"https:\/\/api.w.org\/{rel}","templated":true}]}}