{"id":288802,"date":"2016-09-13T00:03:10","date_gmt":"2016-09-13T05:03:10","guid":{"rendered":"http:\/\/www.diarioimagen.net\/?p=288802"},"modified":"2016-09-13T03:52:20","modified_gmt":"2016-09-13T08:52:20","slug":"en-cuidado-de-la-salud-no-hay-color-ni-religion-cesar-gomez","status":"publish","type":"post","link":"https:\/\/www.diarioimagen.net\/?p=288802","title":{"rendered":"En cuidado de la salud no hay color ni religi\u00f3n: C\u00e9sar G\u00f3mez"},"content":{"rendered":"<ul>\n<li><strong><em>Jornadas m\u00e9dicas gratuitas en Edomex<\/em><\/strong><\/li>\n<\/ul>\n<p>&nbsp;<\/p>\n<div id=\"attachment_288886\" style=\"width: 430px\" class=\"wp-caption aligncenter\"><a href=\"http:\/\/www.diarioimagen.net\/?attachment_id=288886\" rel=\"attachment wp-att-288886\"><img loading=\"lazy\" decoding=\"async\" aria-describedby=\"caption-attachment-288886\" class=\"size-large wp-image-288886\" src=\"http:\/\/www.diarioimagen.net\/wp-content\/uploads\/2016\/09\/NAUCALPAN-2953-420x236.jpg\" alt=\"C\u00e9sar G\u00f3mez, titular de la Secretar\u00eda de Salud, hizo una invitaci\u00f3n a los mexiquenses para que asistan a las jornadas m\u00e9dicas gratuitas.\" width=\"420\" height=\"236\" srcset=\"https:\/\/www.diarioimagen.net\/wp-content\/uploads\/2016\/09\/NAUCALPAN-2953-420x236.jpg 420w, https:\/\/www.diarioimagen.net\/wp-content\/uploads\/2016\/09\/NAUCALPAN-2953-240x135.jpg 240w, https:\/\/www.diarioimagen.net\/wp-content\/uploads\/2016\/09\/NAUCALPAN-2953-235x132.jpg 235w, https:\/\/www.diarioimagen.net\/wp-content\/uploads\/2016\/09\/NAUCALPAN-2953-202x114.jpg 202w, https:\/\/www.diarioimagen.net\/wp-content\/uploads\/2016\/09\/NAUCALPAN-2953-350x196.jpg 350w, https:\/\/www.diarioimagen.net\/wp-content\/uploads\/2016\/09\/NAUCALPAN-2953-220x123.jpg 220w, https:\/\/www.diarioimagen.net\/wp-content\/uploads\/2016\/09\/NAUCALPAN-2953-237x132.jpg 237w, https:\/\/www.diarioimagen.net\/wp-content\/uploads\/2016\/09\/NAUCALPAN-2953.jpg 480w\" sizes=\"auto, (max-width: 420px) 100vw, 420px\" \/><\/a><p id=\"caption-attachment-288886\" class=\"wp-caption-text\">C\u00e9sar G\u00f3mez, titular de la Secretar\u00eda de Salud, hizo una invitaci\u00f3n a los mexiquenses para que asistan a las jornadas m\u00e9dicas gratuitas.<\/p><\/div>\n<p>&nbsp;<\/p>\n<p><strong>Naucalpan, Estado de M\u00e9xico.<\/strong>&#8211; La Secretar\u00eda de Salud del Estado de M\u00e9xico que encabeza C\u00e9sar G\u00f3mez, hizo una invitaci\u00f3n a los mexiquenses para que asistan a las jornadas de m\u00e9dicas gratuitas que se han implementado en todo el territorio mexiquense.<\/p>\n<p>As\u00ed lo dio a conocer el coordinador Ejecutivo de dicha secretar\u00eda, Mariano de Luis Romero, quien destac\u00f3 que en varios municipios se ha llevado y se seguir\u00e1 llevando a cabo la entrega de lentes y la atenci\u00f3n m\u00e9dica de cataratas, diabetes, mastograf\u00edas y consultas generales., entre otras, pues en el tema de salud no hay fecha ni l\u00edmite en el calendario.<\/p>\n<p>Y es que, efectivamente y a\u00a0nombre del gobernador\u00a0 Eruviel \u00c1vila, el secretario de Salud de la entidad mexiquense, C\u00e9sar G\u00f3mez Monge,\u00a0ha realizado una campa\u00f1a permanente de salud en diversos municipios y en los cuales ha entregado, sillas de ruedas, andaderas, bastones, muletas y aparatos auditivos y ha\u00a0 realizado jornadas m\u00e9dico-asistenciales completamente gratuitas.<\/p>\n<p>En ese sentido, De Luis Romero, mencion\u00f3 que se seguir\u00e1 apoyando a todos los mexiquenses, sin importar colores partidistas, tal y como se prometi\u00f3 y con ello se est\u00e1 dando cumplimiento a los compromisos por \u201cmexiquenses m\u00e1s sanos\u201d.<\/p>\n<p>Durante una jornada m\u00e9dica, la se\u00f1ora Miriam Guzm\u00e1n,\u00a0 puntualiz\u00f3 que \u201clos mexiquenses estamos muy agradecidos con el gobernador Eruviel \u00c1vila y con C\u00e9sar G\u00f3mez, pues ya no es necesario recorrer muchos kil\u00f3metros para atender alg\u00fan problema de salud. Ahora nos lo traen hasta las puertas de nuestras casas, en \u00a0donde se brindaron consultas de medicina preventiva, general e interna, y se otorg\u00f3 (en algunos casos) el medicamento para el tratamiento de manera gratuita\u201d.<\/p>\n<p>Por otra parte, el funcionario exhort\u00f3 a la gente a exigir a las autoridades y a ellos como sus representantes populares, a que trabajen en la soluci\u00f3n de los problemas que enfrenta en sus comunidades.<\/p>\n<p>&nbsp;<\/p>\n","protected":false},"excerpt":{"rendered":"<p>La Secretar\u00eda de Salud del Estado de M\u00e9xico que encabeza C\u00e9sar G\u00f3mez, hizo una invitaci\u00f3n a los mexiquenses para que asistan a las jornadas de m\u00e9dicas gratuitas que se han implementado en todo el territorio mexiquense.<\/p>\n","protected":false},"author":3,"featured_media":288886,"comment_status":"open","ping_status":"open","sticky":false,"template":"","format":"standard","meta":{"_monsterinsights_skip_tracking":false,"_monsterinsights_sitenote_active":false,"_monsterinsights_sitenote_note":"","_monsterinsights_sitenote_category":0,"footnotes":""},"categories":[35155],"tags":[27346,43675,970],"class_list":["post-288802","post","type-post","status-publish","format-standard","has-post-thumbnail","hentry","category-estado-de-mexico-estado-de-mexico","tag-cesar-gomez-monge","tag-estado-de-mexico","tag-naucalpan"],"_links":{"self":[{"href":"https:\/\/www.diarioimagen.net\/index.php?rest_route=\/wp\/v2\/posts\/288802","targetHints":{"allow":["GET"]}}],"collection":[{"href":"https:\/\/www.diarioimagen.net\/index.php?rest_route=\/wp\/v2\/posts"}],"about":[{"href":"https:\/\/www.diarioimagen.net\/index.php?rest_route=\/wp\/v2\/types\/post"}],"author":[{"embeddable":true,"href":"https:\/\/www.diarioimagen.net\/index.php?rest_route=\/wp\/v2\/users\/3"}],"replies":[{"embeddable":true,"href":"https:\/\/www.diarioimagen.net\/index.php?rest_route=%2Fwp%2Fv2%2Fcomments&post=288802"}],"version-history":[{"count":0,"href":"https:\/\/www.diarioimagen.net\/index.php?rest_route=\/wp\/v2\/posts\/288802\/revisions"}],"wp:featuredmedia":[{"embeddable":true,"href":"https:\/\/www.diarioimagen.net\/index.php?rest_route=\/wp\/v2\/media\/288886"}],"wp:attachment":[{"href":"https:\/\/www.diarioimagen.net\/index.php?rest_route=%2Fwp%2Fv2%2Fmedia&parent=288802"}],"wp:term":[{"taxonomy":"category","embeddable":true,"href":"https:\/\/www.diarioimagen.net\/index.php?rest_route=%2Fwp%2Fv2%2Fcategories&post=288802"},{"taxonomy":"post_tag","embeddable":true,"href":"https:\/\/www.diarioimagen.net\/index.php?rest_route=%2Fwp%2Fv2%2Ftags&post=288802"}],"curies":[{"name":"wp","href":"https:\/\/api.w.org\/{rel}","templated":true}]}}