{"id":288820,"date":"2016-09-13T00:09:55","date_gmt":"2016-09-13T05:09:55","guid":{"rendered":"http:\/\/www.diarioimagen.net\/?p=288820"},"modified":"2016-09-13T04:01:04","modified_gmt":"2016-09-13T09:01:04","slug":"descartan-subir-el-metro-por-recorte-al-presupuesto","status":"publish","type":"post","link":"https:\/\/www.diarioimagen.net\/?p=288820","title":{"rendered":"Descartan subir el Metro por recorte al presupuesto"},"content":{"rendered":"<ul>\n<li><strong><em>Limitaci\u00f3n de recursos provocar\u00e1 interrupci\u00f3n de sus mejoras<\/em><\/strong><\/li>\n<\/ul>\n<p>&nbsp;<\/p>\n<div id=\"attachment_288908\" style=\"width: 430px\" class=\"wp-caption aligncenter\"><a href=\"http:\/\/www.diarioimagen.net\/?attachment_id=288908\" rel=\"attachment wp-att-288908\"><img loading=\"lazy\" decoding=\"async\" aria-describedby=\"caption-attachment-288908\" class=\"size-large wp-image-288908\" src=\"http:\/\/www.diarioimagen.net\/wp-content\/uploads\/2016\/09\/METRO-2953-420x236.jpg\" alt=\"El precio del boleto del Metro no subir\u00e1, pese a los recortes al presupuesto para la Ciudad de M\u00e9xico el pr\u00f3ximo a\u00f1o.\" width=\"420\" height=\"236\" srcset=\"https:\/\/www.diarioimagen.net\/wp-content\/uploads\/2016\/09\/METRO-2953-420x236.jpg 420w, https:\/\/www.diarioimagen.net\/wp-content\/uploads\/2016\/09\/METRO-2953-240x135.jpg 240w, https:\/\/www.diarioimagen.net\/wp-content\/uploads\/2016\/09\/METRO-2953-235x132.jpg 235w, https:\/\/www.diarioimagen.net\/wp-content\/uploads\/2016\/09\/METRO-2953-202x114.jpg 202w, https:\/\/www.diarioimagen.net\/wp-content\/uploads\/2016\/09\/METRO-2953-350x196.jpg 350w, https:\/\/www.diarioimagen.net\/wp-content\/uploads\/2016\/09\/METRO-2953-220x123.jpg 220w, https:\/\/www.diarioimagen.net\/wp-content\/uploads\/2016\/09\/METRO-2953-237x132.jpg 237w, https:\/\/www.diarioimagen.net\/wp-content\/uploads\/2016\/09\/METRO-2953.jpg 480w\" sizes=\"auto, (max-width: 420px) 100vw, 420px\" \/><\/a><p id=\"caption-attachment-288908\" class=\"wp-caption-text\">El precio del boleto del Metro no subir\u00e1, pese a los recortes al presupuesto para la Ciudad de M\u00e9xico el pr\u00f3ximo a\u00f1o.<\/p><\/div>\n<p>&nbsp;<\/p>\n<p>Pese a los recortes anunciados en el presupuesto de la Ciudad de M\u00e9xico para el pr\u00f3ximo a\u00f1o, el Metro no subir\u00e1 el precio del boleto, afirm\u00f3 Jorge Gavi\u00f1o Ambriz, director general del Sistema de Transporte Colectivo (STC).<\/p>\n<p>No hay posibilidad alguna de que aumente el precio del boleto, ya lo anunci\u00f3 el jefe de gobierno, que en toda su administraci\u00f3n no habr\u00e1 aumento del Metro, destac\u00f3 el funcionario local.<\/p>\n<p>Gavi\u00f1o Ambriz advirti\u00f3 que un recorte en los recursos para el Metro provocar\u00e1 la interrupci\u00f3n de sus mejoras, lo que afectar\u00eda a las futuras generaciones.<\/p>\n<p>Refiri\u00f3 que si se mantiene en el proyecto presupuestal para el pr\u00f3ximo a\u00f1o el recorte para este medio de transporte p\u00fablico, los proyectos que se afectar\u00edan son los relacionados con las ampliaciones de las L\u00edneas 12, 9 y A del STC Metro, adem\u00e1s de la modernizaci\u00f3n de la L\u00ednea 1 y mantenimiento al resto de la red.<\/p>\n<p>\u00abEs que el plan B ser\u00eda no hacer las cosas y eso ser\u00eda muy grave, ya hemos tenido ejemplos de que cuando una obra del Metro se posterga, las futuras generaciones son las que lo pagan, porque siempre ser\u00e1 m\u00e1s caro\u201d.<\/p>\n<p>\u201cSi no lo hacemos hoy, lo tendr\u00e1n que hacer nuestros hijos mucho m\u00e1s caro, por eso el llamado es que la cobija, aunque sea chiquita, nos la compartan\u201d.<\/p>\n<p>Record\u00f3 que el Metro es un sistema metropolitano que tiene 10 estaciones en el Estado de M\u00e9xico, que transportan m\u00e1s de un mill\u00f3n de personas a la Ciudad de M\u00e9xico, por lo que urgi\u00f3 a la federaci\u00f3n a que se le canalicen m\u00e1s recursos<\/p>\n<p>Se\u00f1al\u00f3 que los proyectos de ampliaci\u00f3n son para atender mejor a gente que viene del Estado de M\u00e9xico, porque las ampliaciones de las L\u00edneas 12 y 9 a Observatorio, dar\u00eda opciones de movilidad a gente que viene de Toluca.<\/p>\n<p>Mientras que por el oriente, la L\u00ednea A llegar\u00eda hasta Valle de Chalco, lo que dar\u00e1 beneficios de traslado a cientos de miles de personas que vienen a la Ciudad de M\u00e9xico.<\/p>\n<p>&nbsp;<\/p>\n","protected":false},"excerpt":{"rendered":"<p>Pese a los recortes anunciados en el presupuesto de la Ciudad de M\u00e9xico para el pr\u00f3ximo a\u00f1o, el Metro no subir\u00e1 el precio del boleto, afirm\u00f3 Jorge Gavi\u00f1o Ambriz, director general del Sistema de Transporte Colectivo (STC).<\/p>\n","protected":false},"author":3,"featured_media":288908,"comment_status":"open","ping_status":"open","sticky":false,"template":"","format":"standard","meta":{"_monsterinsights_skip_tracking":false,"_monsterinsights_sitenote_active":false,"_monsterinsights_sitenote_note":"","_monsterinsights_sitenote_category":0,"footnotes":""},"categories":[6],"tags":[16997,204,6053,1889,13614],"class_list":["post-288820","post","type-post","status-publish","format-standard","has-post-thumbnail","hentry","category-cd-de-mexico","tag-aumento","tag-ciudad-de-mexico","tag-presupuesto","tag-sistema-de-transporte-colectivo","tag-tarifa"],"_links":{"self":[{"href":"https:\/\/www.diarioimagen.net\/index.php?rest_route=\/wp\/v2\/posts\/288820","targetHints":{"allow":["GET"]}}],"collection":[{"href":"https:\/\/www.diarioimagen.net\/index.php?rest_route=\/wp\/v2\/posts"}],"about":[{"href":"https:\/\/www.diarioimagen.net\/index.php?rest_route=\/wp\/v2\/types\/post"}],"author":[{"embeddable":true,"href":"https:\/\/www.diarioimagen.net\/index.php?rest_route=\/wp\/v2\/users\/3"}],"replies":[{"embeddable":true,"href":"https:\/\/www.diarioimagen.net\/index.php?rest_route=%2Fwp%2Fv2%2Fcomments&post=288820"}],"version-history":[{"count":0,"href":"https:\/\/www.diarioimagen.net\/index.php?rest_route=\/wp\/v2\/posts\/288820\/revisions"}],"wp:featuredmedia":[{"embeddable":true,"href":"https:\/\/www.diarioimagen.net\/index.php?rest_route=\/wp\/v2\/media\/288908"}],"wp:attachment":[{"href":"https:\/\/www.diarioimagen.net\/index.php?rest_route=%2Fwp%2Fv2%2Fmedia&parent=288820"}],"wp:term":[{"taxonomy":"category","embeddable":true,"href":"https:\/\/www.diarioimagen.net\/index.php?rest_route=%2Fwp%2Fv2%2Fcategories&post=288820"},{"taxonomy":"post_tag","embeddable":true,"href":"https:\/\/www.diarioimagen.net\/index.php?rest_route=%2Fwp%2Fv2%2Ftags&post=288820"}],"curies":[{"name":"wp","href":"https:\/\/api.w.org\/{rel}","templated":true}]}}