{"id":289008,"date":"2016-09-14T00:08:08","date_gmt":"2016-09-14T05:08:08","guid":{"rendered":"http:\/\/www.diarioimagen.net\/?p=289008"},"modified":"2016-09-14T05:28:25","modified_gmt":"2016-09-14T10:28:25","slug":"de-casi-19-mil-pesos-mensuales-la-reduccion-del-salario-de-eav","status":"publish","type":"post","link":"https:\/\/www.diarioimagen.net\/?p=289008","title":{"rendered":"De casi 19 mil pesos mensuales, la reducci\u00f3n del salario de EAV"},"content":{"rendered":"<h2>Arco Norte<\/h2>\n<h5>Jos\u00e9 Luis Monta\u00f1ez Aguilar<\/h5>\n<p>&nbsp;<\/p>\n<div id=\"attachment_289108\" style=\"width: 430px\" class=\"wp-caption aligncenter\"><a href=\"http:\/\/www.diarioimagen.net\/?attachment_id=289108\" rel=\"attachment wp-att-289108\"><img loading=\"lazy\" decoding=\"async\" aria-describedby=\"caption-attachment-289108\" class=\"size-large wp-image-289108\" src=\"http:\/\/www.diarioimagen.net\/wp-content\/uploads\/2016\/09\/arco-2594-420x236.jpg\" alt=\"Eruviel \u00c1vila - Ceremonia Conmemorativa del CLXIX aniversario de los Ni\u00f1os H\u00e9roes.\" width=\"420\" height=\"236\" srcset=\"https:\/\/www.diarioimagen.net\/wp-content\/uploads\/2016\/09\/arco-2594-420x236.jpg 420w, https:\/\/www.diarioimagen.net\/wp-content\/uploads\/2016\/09\/arco-2594-240x135.jpg 240w, https:\/\/www.diarioimagen.net\/wp-content\/uploads\/2016\/09\/arco-2594-480x270.jpg 480w, https:\/\/www.diarioimagen.net\/wp-content\/uploads\/2016\/09\/arco-2594-235x132.jpg 235w, https:\/\/www.diarioimagen.net\/wp-content\/uploads\/2016\/09\/arco-2594-202x114.jpg 202w, https:\/\/www.diarioimagen.net\/wp-content\/uploads\/2016\/09\/arco-2594-350x196.jpg 350w, https:\/\/www.diarioimagen.net\/wp-content\/uploads\/2016\/09\/arco-2594-220x123.jpg 220w, https:\/\/www.diarioimagen.net\/wp-content\/uploads\/2016\/09\/arco-2594-237x132.jpg 237w, https:\/\/www.diarioimagen.net\/wp-content\/uploads\/2016\/09\/arco-2594.jpg 640w\" sizes=\"auto, (max-width: 420px) 100vw, 420px\" \/><\/a><p id=\"caption-attachment-289108\" class=\"wp-caption-text\">Eruviel \u00c1vila &#8211; Ceremonia Conmemorativa del CLXIX aniversario de los Ni\u00f1os H\u00e9roes.<\/p><\/div>\n<p>&nbsp;<\/p>\n<p>Respecto a la nota difundida por el diario \u201cMilenio\u201d, y replicada por otros medios, donde se asegura que el gobernador Eruviel \u00c1vila Villegas y su gabinete se redujeron en 250 pesos su salario, el gobierno del Estado de M\u00e9xico aclara que dicha cantidad corresponde en realidad a un incremento en el pago de sus cuotas mensuales por concepto de seguridad social al Instituto de Seguridad Social del Estado de M\u00e9xico y Municipios (ISSEMyM).<\/p>\n<p>Desde 2013, el gobierno mexiquense dio a conocer diversas medidas de austeridad y disciplina presupuestal, entre las que resalta la reducci\u00f3n de los salarios del gobernador, secretarios y subsecretarios. Por ejemplo, en estos cinco a\u00f1os de administraci\u00f3n, las percepciones del gobernador Eruviel \u00c1vila Villegas han disminuido en 18 mil 902 pesos mensuales; es decir, 226 mil 824 pesos anuales.<\/p>\n<p style=\"text-align: center;\"><strong>Convocatoria para la beca \u201cConstructores de Paz, J\u00f3venes con Valor\u201d<\/strong><\/p>\n<p>Con el objetivo de contribuir a la promoci\u00f3n de una cultura de paz, as\u00ed como a la edificaci\u00f3n de una sociedad con mayores valores, el gobierno del Estado de M\u00e9xico emiti\u00f3 la convocatoria para la beca \u201cConstructores de paz, J\u00f3venes con Valor\u201d, en la que podr\u00e1n participar 26 mil 927 estudiantes mexiquenses de medio superior y superior.<\/p>\n<p>Durante la expedici\u00f3n de la convocatoria, por indicaci\u00f3n del gobernador Eruviel \u00c1vila Villegas, la secretaria de Educaci\u00f3n del Estado de M\u00e9xico, Ana Lilia Herrera Anzaldo, dialog\u00f3 con j\u00f3venes de la Universidad Polit\u00e9cnica de Cuautitl\u00e1n Izcalli, quienes le expresaron la necesidad de recuperar la esencia de los valores humanos y universales, como elemento para sobresalir y contribuir a una mejor sociedad.<\/p>\n<p style=\"text-align: center;\"><strong>Suspende Propaem verificentro en el municipio de La Paz<\/strong><\/p>\n<p>Personal de la Procuradur\u00eda de Protecci\u00f3n al Ambiente del Estado de M\u00e9xico (Propaem) suspendi\u00f3 las actividades del Verificentro denominado Diagn\u00f3stico y Control de Contaminantes Los Reyes S.A. de C.V.\u00a0 o Verificentro LP-926, por llevar a cabo 15 verificaciones donde los datos de los veh\u00edculos que se capturaron no coincid\u00edan con los autom\u00f3viles que se encontraban en la l\u00ednea de verificaci\u00f3n. La Propaem notific\u00f3 el acuerdo de radicaci\u00f3n e inicio de procedimiento, en el que se decreta la suspensi\u00f3n de actividades por 30 d\u00edas.<\/p>\n<p><em><a href=\"mailto:montanezaguilar@gmail.com\" target=\"_blank\">montanezaguilar@gmail.com<\/a><\/em><\/p>\n","protected":false},"excerpt":{"rendered":"<p><span style=\"color: #005497;\">Jos\u00e9 Luis Monta\u00f1ez Aguilar<\/span><br \/>\n<br \/>\nRespecto a la nota difundida por el diario \u201cMilenio\u201d, y replicada por otros medios, donde se asegura que el gobernador Eruviel \u00c1vila Villegas y su gabinete se redujeron en 250 pesos su salario, el gobierno del Estado de M\u00e9xico aclara que dicha cantidad corresponde en realidad a un incremento en el pago de sus cuotas mensuales por concepto de seguridad social al Instituto de Seguridad Social del Estado de M\u00e9xico y Municipios (ISSEMyM).<\/p>\n","protected":false},"author":3,"featured_media":289108,"comment_status":"open","ping_status":"open","sticky":false,"template":"","format":"standard","meta":{"_monsterinsights_skip_tracking":false,"_monsterinsights_sitenote_active":false,"_monsterinsights_sitenote_note":"","_monsterinsights_sitenote_category":0,"footnotes":""},"categories":[5],"tags":[13284,43704,43674],"class_list":["post-289008","post","type-post","status-publish","format-standard","has-post-thumbnail","hentry","category-estado-de-mexico","tag-arco-norte","tag-jose-luis-montanez-aguilar","tag-opinion"],"_links":{"self":[{"href":"https:\/\/www.diarioimagen.net\/index.php?rest_route=\/wp\/v2\/posts\/289008","targetHints":{"allow":["GET"]}}],"collection":[{"href":"https:\/\/www.diarioimagen.net\/index.php?rest_route=\/wp\/v2\/posts"}],"about":[{"href":"https:\/\/www.diarioimagen.net\/index.php?rest_route=\/wp\/v2\/types\/post"}],"author":[{"embeddable":true,"href":"https:\/\/www.diarioimagen.net\/index.php?rest_route=\/wp\/v2\/users\/3"}],"replies":[{"embeddable":true,"href":"https:\/\/www.diarioimagen.net\/index.php?rest_route=%2Fwp%2Fv2%2Fcomments&post=289008"}],"version-history":[{"count":0,"href":"https:\/\/www.diarioimagen.net\/index.php?rest_route=\/wp\/v2\/posts\/289008\/revisions"}],"wp:featuredmedia":[{"embeddable":true,"href":"https:\/\/www.diarioimagen.net\/index.php?rest_route=\/wp\/v2\/media\/289108"}],"wp:attachment":[{"href":"https:\/\/www.diarioimagen.net\/index.php?rest_route=%2Fwp%2Fv2%2Fmedia&parent=289008"}],"wp:term":[{"taxonomy":"category","embeddable":true,"href":"https:\/\/www.diarioimagen.net\/index.php?rest_route=%2Fwp%2Fv2%2Fcategories&post=289008"},{"taxonomy":"post_tag","embeddable":true,"href":"https:\/\/www.diarioimagen.net\/index.php?rest_route=%2Fwp%2Fv2%2Ftags&post=289008"}],"curies":[{"name":"wp","href":"https:\/\/api.w.org\/{rel}","templated":true}]}}