{"id":289043,"date":"2016-09-14T00:08:03","date_gmt":"2016-09-14T05:08:03","guid":{"rendered":"http:\/\/www.diarioimagen.net\/?p=289043"},"modified":"2016-09-14T06:25:15","modified_gmt":"2016-09-14T11:25:15","slug":"recorte-a-educacion-es-un-suicidio-jorge-olvera","status":"publish","type":"post","link":"https:\/\/www.diarioimagen.net\/?p=289043","title":{"rendered":"Recorte a educaci\u00f3n es un suicidio: Jorge Olvera"},"content":{"rendered":"<ul>\n<li><strong><em>Encabeza rector de UAEM entrega de apoyos<\/em><\/strong><\/li>\n<\/ul>\n<p>&nbsp;<\/p>\n<p><a href=\"http:\/\/www.diarioimagen.net\/?attachment_id=289138\" rel=\"attachment wp-att-289138\"><img loading=\"lazy\" decoding=\"async\" class=\"aligncenter size-large wp-image-289138\" src=\"http:\/\/www.diarioimagen.net\/wp-content\/uploads\/2016\/09\/UAEM-2594-420x236.jpg\" alt=\"uaem-2594\" width=\"420\" height=\"236\" srcset=\"https:\/\/www.diarioimagen.net\/wp-content\/uploads\/2016\/09\/UAEM-2594-420x236.jpg 420w, https:\/\/www.diarioimagen.net\/wp-content\/uploads\/2016\/09\/UAEM-2594-240x135.jpg 240w, https:\/\/www.diarioimagen.net\/wp-content\/uploads\/2016\/09\/UAEM-2594-480x270.jpg 480w, https:\/\/www.diarioimagen.net\/wp-content\/uploads\/2016\/09\/UAEM-2594-235x132.jpg 235w, https:\/\/www.diarioimagen.net\/wp-content\/uploads\/2016\/09\/UAEM-2594-202x114.jpg 202w, https:\/\/www.diarioimagen.net\/wp-content\/uploads\/2016\/09\/UAEM-2594-350x196.jpg 350w, https:\/\/www.diarioimagen.net\/wp-content\/uploads\/2016\/09\/UAEM-2594-220x123.jpg 220w, https:\/\/www.diarioimagen.net\/wp-content\/uploads\/2016\/09\/UAEM-2594-237x132.jpg 237w, https:\/\/www.diarioimagen.net\/wp-content\/uploads\/2016\/09\/UAEM-2594.jpg 700w\" sizes=\"auto, (max-width: 420px) 100vw, 420px\" \/><\/a><\/p>\n<p>&nbsp;<\/p>\n<p>\u201cLos recortes al presupuesto destinado a la educaci\u00f3n son un suicidio para el pa\u00eds, se traducen en la destrucci\u00f3n de un futuro que ya naci\u00f3, equivalen a construir un muro que dividir\u00e1 a la sociedad, porque se estar\u00eda negando la posibilidad de lograr la igualdad\u201d, destac\u00f3 el rector de la Universidad Aut\u00f3noma del Estado de M\u00e9xico, Jorge Olvera Garc\u00eda.<\/p>\n<p>Al encabezar la entrega de apoyos, becas e incentivos a estudiantes mentores de la instituci\u00f3n, exhort\u00f3 respetuosamente a las autoridades federales a detener los recortes al presupuesto de las universidades p\u00fablicas y \u201cprivilegiar el respeto a lo que aqu\u00ed se hace\u201d.<\/p>\n<p>Luego de puntualizar que la educaci\u00f3n debe ser una pol\u00edtica de Estado primordial, necesaria, fundamental e indispensable, pues es lo que necesitan los mexiquenses y nuestro pa\u00eds para salir adelante, el rector anunci\u00f3 que la UAEM, instituci\u00f3n de vanguardia y pertinente, trabaja en la creaci\u00f3n de la Licenciatura en Gesti\u00f3n de Redes Sociales, \u00fanica en su tipo en una universidad p\u00fablica en M\u00e9xico y que el pr\u00f3ximo mes de febrero se ofertar\u00e1 a distancia.<\/p>\n<p style=\"text-align: center;\"><strong>No al muro y s\u00ed a la uni\u00f3n\u00a0<\/strong><strong>entre personas del mismo sexo<\/strong><\/p>\n<p>En el Aula Magna \u201cLic. Adolfo L\u00f3pez Mateos\u201d del Edificio de Rector\u00eda, acompa\u00f1ado por titulares de las secretar\u00edas de la Administraci\u00f3n Central de la instituci\u00f3n, directores y los estudiantes becados, enfatiz\u00f3 su rechazo a la construcci\u00f3n de muros: \u201cno al ignominioso muro que pretende construir el candidato republicano estadounidense\u201d. Asever\u00f3 que para desterrar el insulto o la agresi\u00f3n y alcanzar mejores condiciones de justicia debe ponerse \u00e9nfasis en educar al pueblo.<\/p>\n<p>Jorge Olvera Garc\u00eda expres\u00f3 tambi\u00e9n que con base en los principios y valores universitarios, \u201cla uni\u00f3n entre personas del mismo sexo no violenta, ni lastima o atenta contra nadie, s\u00f3lo quiz\u00e1 contra quienes desconf\u00edan de s\u00ed mismos\u201d. Puntualiz\u00f3 que \u201cla igualdad no est\u00e1 condicionada por la forma de pensar y s\u00ed est\u00e1 ligada a la forma de ser, pues la igualdad es reconocimiento\u201d.<\/p>\n<p>Como universidad progresista, casa del liberalismo y humanismo, se\u00f1al\u00f3, la Aut\u00f3noma mexiquense entiende que la familia se logra con la uni\u00f3n de quienes buscan un mismo fin, protecci\u00f3n, apoyo y ayuda mutua. La universidad p\u00fablica, aut\u00f3noma, laica, liberal y republicana, dijo, respalda categ\u00f3ricamente la uni\u00f3n entre personas del mismo sexo, porque esencialmente respeta y reconoce a todos como seres humanos.<\/p>\n<p>&nbsp;<\/p>\n","protected":false},"excerpt":{"rendered":"<p>\u201cLos recortes al presupuesto destinado a la educaci\u00f3n son un suicidio para el pa\u00eds, se traducen en la destrucci\u00f3n de un futuro que ya naci\u00f3, equivalen a construir un muro que dividir\u00e1 a la sociedad, porque se estar\u00eda negando la posibilidad de lograr la igualdad\u201d, destac\u00f3 el rector de la Universidad Aut\u00f3noma del Estado de M\u00e9xico, Jorge Olvera Garc\u00eda.<\/p>\n","protected":false},"author":3,"featured_media":289138,"comment_status":"open","ping_status":"open","sticky":false,"template":"","format":"standard","meta":{"_monsterinsights_skip_tracking":false,"_monsterinsights_sitenote_active":false,"_monsterinsights_sitenote_note":"","_monsterinsights_sitenote_category":0,"footnotes":""},"categories":[35155],"tags":[43694,27015,25372,1491],"class_list":["post-289043","post","type-post","status-publish","format-standard","has-post-thumbnail","hentry","category-estado-de-mexico-estado-de-mexico","tag-educacion","tag-jorge-olvera-garcia","tag-recorte","tag-uaem"],"_links":{"self":[{"href":"https:\/\/www.diarioimagen.net\/index.php?rest_route=\/wp\/v2\/posts\/289043","targetHints":{"allow":["GET"]}}],"collection":[{"href":"https:\/\/www.diarioimagen.net\/index.php?rest_route=\/wp\/v2\/posts"}],"about":[{"href":"https:\/\/www.diarioimagen.net\/index.php?rest_route=\/wp\/v2\/types\/post"}],"author":[{"embeddable":true,"href":"https:\/\/www.diarioimagen.net\/index.php?rest_route=\/wp\/v2\/users\/3"}],"replies":[{"embeddable":true,"href":"https:\/\/www.diarioimagen.net\/index.php?rest_route=%2Fwp%2Fv2%2Fcomments&post=289043"}],"version-history":[{"count":0,"href":"https:\/\/www.diarioimagen.net\/index.php?rest_route=\/wp\/v2\/posts\/289043\/revisions"}],"wp:featuredmedia":[{"embeddable":true,"href":"https:\/\/www.diarioimagen.net\/index.php?rest_route=\/wp\/v2\/media\/289138"}],"wp:attachment":[{"href":"https:\/\/www.diarioimagen.net\/index.php?rest_route=%2Fwp%2Fv2%2Fmedia&parent=289043"}],"wp:term":[{"taxonomy":"category","embeddable":true,"href":"https:\/\/www.diarioimagen.net\/index.php?rest_route=%2Fwp%2Fv2%2Fcategories&post=289043"},{"taxonomy":"post_tag","embeddable":true,"href":"https:\/\/www.diarioimagen.net\/index.php?rest_route=%2Fwp%2Fv2%2Ftags&post=289043"}],"curies":[{"name":"wp","href":"https:\/\/api.w.org\/{rel}","templated":true}]}}